{"id":7390,"date":"2016-04-11T16:13:01","date_gmt":"2016-04-11T15:13:01","guid":{"rendered":"https:\/\/fsg99salza.de\/?p=7390"},"modified":"2016-04-11T16:13:45","modified_gmt":"2016-04-11T15:13:45","slug":"fsg-i-erschreckend-schwach","status":"publish","type":"post","link":"https:\/\/fsg99salza.de\/?p=7390","title":{"rendered":"FSG I: Erschreckend schwach"},"content":{"rendered":"<p style=\"text-align: justify;\">Was war mit Salza los? Kopfsch\u00fctteln bei dem mitgereisten Salzaer Anhang. So schwach hat man die Mannschaft schon lange nicht mehr gesehen.<\/p>\n<p style=\"text-align: center;\"><img decoding=\"async\" class=\"ngg_displayed_gallery mceItem\" src=\"https:\/\/fsg99salza.de\/index.php\/nextgen-attach_to_post\/preview\/id--7403\" alt=\"\" data-mce-placeholder=\"1\" \/><!--more--><\/p>\n<p style=\"text-align: justify;\">Viele Fehlabspiele, \u00fcberwiegend hohe B\u00e4lle, wenig gute P\u00e4sse, kaum Moral die Niederlage doch noch abzuwenden. Die ersten 10 Minuten geh\u00f6rten den Salzaern. Doch dann hatten die Urbacher ihre G\u00e4ste immer mehr im Griff. Wenn auch in der ersten Halbzeit nichts z\u00e4hlbares heraus sprang und sich die Mannschaften im Mittelfeld neutralisierten, so lagen doch auch hier schon die Vorteile bei den Gastgebern. Salzas Anhang hoffte auf eine bessere zweite H\u00e4lfte, doch kaum auf dem Platz traf Hagen Venth aus vierzig Metern (49.)\u00a0und \u00fcberraschte den v\u00f6llig verdutzten Salzaer Tormann Christian Werner. In der 61. Minute stellte Sebastian L\u00fcdemann das Endergebnis her. Nach einer sch\u00f6nen Kombination \u00fcber seine Mitspieler Depping und Amling lie\u00dfen sie der FSG Abwehr keine Chance. In dieser Spielphase war ein Lattentreffer durch den Salzaer Christoph M\u00fcller-Luh noch das nennenswerte. Salzas Bem\u00fchungen scheiterten an der Urbacher Abwehr und an ihrer eigenen Spielweise. In der Salzaer Mannschaft fehlte die ordnende Hand. Urbach war also der klare Sieger im Kreisderby und wird wohl nun Abstiegsgespenst entflohen sein.<\/p>\n","protected":false},"excerpt":{"rendered":"<p>Was war mit Salza los? Kopfsch\u00fctteln bei dem mitgereisten Salzaer Anhang. So schwach hat man die Mannschaft schon lange nicht mehr gesehen.<\/p>\n","protected":false},"author":2,"featured_media":0,"comment_status":"closed","ping_status":"closed","sticky":false,"template":"","format":"standard","meta":{"footnotes":""},"categories":[3],"tags":[],"class_list":["post-7390","post","type-post","status-publish","format-standard","hentry","category-allgemeines"],"_links":{"self":[{"href":"https:\/\/fsg99salza.de\/index.php?rest_route=\/wp\/v2\/posts\/7390","targetHints":{"allow":["GET"]}}],"collection":[{"href":"https:\/\/fsg99salza.de\/index.php?rest_route=\/wp\/v2\/posts"}],"about":[{"href":"https:\/\/fsg99salza.de\/index.php?rest_route=\/wp\/v2\/types\/post"}],"author":[{"embeddable":true,"href":"https:\/\/fsg99salza.de\/index.php?rest_route=\/wp\/v2\/users\/2"}],"replies":[{"embeddable":true,"href":"https:\/\/fsg99salza.de\/index.php?rest_route=%2Fwp%2Fv2%2Fcomments&post=7390"}],"version-history":[{"count":2,"href":"https:\/\/fsg99salza.de\/index.php?rest_route=\/wp\/v2\/posts\/7390\/revisions"}],"predecessor-version":[{"id":7405,"href":"https:\/\/fsg99salza.de\/index.php?rest_route=\/wp\/v2\/posts\/7390\/revisions\/7405"}],"wp:attachment":[{"href":"https:\/\/fsg99salza.de\/index.php?rest_route=%2Fwp%2Fv2%2Fmedia&parent=7390"}],"wp:term":[{"taxonomy":"category","embeddable":true,"href":"https:\/\/fsg99salza.de\/index.php?rest_route=%2Fwp%2Fv2%2Fcategories&post=7390"},{"taxonomy":"post_tag","embeddable":true,"href":"https:\/\/fsg99salza.de\/index.php?rest_route=%2Fwp%2Fv2%2Ftags&post=7390"}],"curies":[{"name":"wp","href":"https:\/\/api.w.org\/{rel}","templated":true}]}}