{"id":6482,"date":"2015-07-05T07:20:47","date_gmt":"2015-07-05T06:20:47","guid":{"rendered":"https:\/\/fsg99salza.de\/?p=6482"},"modified":"2015-07-14T20:50:34","modified_gmt":"2015-07-14T19:50:34","slug":"zu-und-abgaenge-vor-der-hinrunde-der-saison-20152016","status":"publish","type":"post","link":"https:\/\/fsg99salza.de\/?p=6482","title":{"rendered":"Zu- und Abg\u00e4nge vor der Hinrunde der Saison 2015\/2016"},"content":{"rendered":"<p>Wir freuen uns, bei der FSG \u00b499 Salza begr\u00fc\u00dfen zu k\u00f6nnnen:<\/p>\n<p style=\"padding-left: 60px;\">Dirk Rost von Schwarz-Gelb Stolberg<\/p>\n<p style=\"padding-left: 60px;\">Henry Sobottka von Wacker 90 Nordhausen (ehem. A-Junioren)<\/p>\n<p style=\"padding-left: 60px;\">Marcel Pascheit vom VfL Ellrich<\/p>\n<p style=\"padding-left: 60px;\">Arno Dohle (eigene A-Junioren)<\/p>\n<p style=\"padding-left: 60px;\">Christian Werner von der LSG Sundhausen (R\u00fcckkehrer)<\/p>\n<p style=\"padding-left: 60px;\">Robert Salzmann von der LSG Sundhausen (R\u00fcckkehrer)<\/p>\n<p style=\"padding-left: 60px;\">Sebastian Genzel vom TSV Urbach (R\u00fcckkehrer)<\/p>\n<p>&#8230; und sagen Euch herzlich willkommen!<\/p>\n<p>&nbsp;<\/p>\n<p>Wir verabschieden:<\/p>\n<p style=\"padding-left: 60px;\">Jonas Sterbenk (verl\u00e4sst Nordhausen berufsbedingt)<\/p>\n<p style=\"padding-left: 60px;\">Ricardo Droescher (unbekannt)<\/p>\n<p style=\"padding-left: 60px;\">Sven Dobrzykowsky nach Krimderode<\/p>\n<p style=\"padding-left: 60px;\">Tom H\u00fcbler zur SG Leimbach<\/p>\n<p style=\"padding-left: 60px;\">Florian Berkefeld zu Rot-Wei\u00df Kraja<\/p>\n<p style=\"padding-left: 60px;\">Mathias Wille zum VfB Werther<\/p>\n<p style=\"padding-left: 60px;\">Kevin Jochmann zu Blau-Wei\u00df Lipprechterode<\/p>\n<p>&#8230; und sagen Danke f\u00fcr die Zeit mit Euch und w\u00fcnschen alles Gute und viel Erfolg!<\/p>\n","protected":false},"excerpt":{"rendered":"<p>Wir freuen uns, bei der FSG \u00b499 Salza begr\u00fc\u00dfen zu k\u00f6nnnen: Dirk Rost von Schwarz-Gelb Stolberg Henry Sobottka von Wacker 90 Nordhausen (ehem. A-Junioren) Marcel Pascheit vom VfL Ellrich Arno Dohle (eigene A-Junioren) Christian Werner von der LSG Sundhausen (R\u00fcckkehrer) Robert Salzmann von der LSG Sundhausen (R\u00fcckkehrer) Sebastian Genzel vom TSV Urbach (R\u00fcckkehrer) &#8230; und [&hellip;]<\/p>\n","protected":false},"author":2,"featured_media":0,"comment_status":"closed","ping_status":"closed","sticky":false,"template":"","format":"standard","meta":{"footnotes":""},"categories":[3],"tags":[],"class_list":["post-6482","post","type-post","status-publish","format-standard","hentry","category-allgemeines"],"_links":{"self":[{"href":"https:\/\/fsg99salza.de\/index.php?rest_route=\/wp\/v2\/posts\/6482","targetHints":{"allow":["GET"]}}],"collection":[{"href":"https:\/\/fsg99salza.de\/index.php?rest_route=\/wp\/v2\/posts"}],"about":[{"href":"https:\/\/fsg99salza.de\/index.php?rest_route=\/wp\/v2\/types\/post"}],"author":[{"embeddable":true,"href":"https:\/\/fsg99salza.de\/index.php?rest_route=\/wp\/v2\/users\/2"}],"replies":[{"embeddable":true,"href":"https:\/\/fsg99salza.de\/index.php?rest_route=%2Fwp%2Fv2%2Fcomments&post=6482"}],"version-history":[{"count":5,"href":"https:\/\/fsg99salza.de\/index.php?rest_route=\/wp\/v2\/posts\/6482\/revisions"}],"predecessor-version":[{"id":6493,"href":"https:\/\/fsg99salza.de\/index.php?rest_route=\/wp\/v2\/posts\/6482\/revisions\/6493"}],"wp:attachment":[{"href":"https:\/\/fsg99salza.de\/index.php?rest_route=%2Fwp%2Fv2%2Fmedia&parent=6482"}],"wp:term":[{"taxonomy":"category","embeddable":true,"href":"https:\/\/fsg99salza.de\/index.php?rest_route=%2Fwp%2Fv2%2Fcategories&post=6482"},{"taxonomy":"post_tag","embeddable":true,"href":"https:\/\/fsg99salza.de\/index.php?rest_route=%2Fwp%2Fv2%2Ftags&post=6482"}],"curies":[{"name":"wp","href":"https:\/\/api.w.org\/{rel}","templated":true}]}}