{"id":6458,"date":"2015-06-10T19:29:18","date_gmt":"2015-06-10T18:29:18","guid":{"rendered":"https:\/\/fsg99salza.de\/?p=6458"},"modified":"2015-06-10T19:29:18","modified_gmt":"2015-06-10T18:29:18","slug":"f2-junioren-klarer-erfolg-gegen-tabellennachbarn","status":"publish","type":"post","link":"https:\/\/fsg99salza.de\/?p=6458","title":{"rendered":"F2-Junioren | Klarer Erfolg gegen Tabellennachbarn"},"content":{"rendered":"<p><em>Von Uwe Nebelung<\/em><\/p>\n<p style=\"text-align: justify;\">Am Samstag, d. 06.06.2015, trafen die U 8 (F2-Junioren) der SpG Nordhausen (Wacker\/Salza) zum letzten Punktspiel der Staffel 1 in der Kreisklasse auf die SpG Ro\u00dfleben\/Bottendorf.<\/p>\n<p style=\"text-align: center;\"><img loading=\"lazy\" decoding=\"async\" class=\"aligncenter size-full wp-image-6459\" src=\"https:\/\/fsg99salza.de\/wp-content\/uploads\/2015\/06\/DSC07780.jpg\" alt=\"DSC07780\" width=\"740\" height=\"351\" \/><\/p>\n<p style=\"text-align: left;\">Fotos Martina Nebelung<\/p>\n<p style=\"text-align: left;\"><!--more--><\/p>\n<p style=\"text-align: justify;\">Nach den Siegen gegen Steinthaleben und Hauteroda ging es darum, sich keinen Ausrutscher gegen vermeintlich schw\u00e4chere Mannschaften zu leisten und etwas f\u00fcr das Torverh\u00e4ltnis zu tun. Allerdings hatten wir auch das Hinspiel noch im Kopf, wo wir uns sehr schwer getan hatten.<br \/>\nNach 5 Minuten konnten wir aber durchatmen. Ein Sololauf von Lio-Nils Heller durch die vielbeinige Abwehr schloss er mit dem verdienten 1:0 f\u00fcr die Nordh\u00e4user ab. Obwohl wir den Gegner aus dem Kyffh\u00e4userkreis im Griff hatten, nutzten wir die sich bietenden Chancen nicht konsequent aus, Die wenigen Gegenangriffe wurden von unseren schnelleren Abwehrspielern Tim Franke, Lennard Grams, Marvin Blanke oder Lukas Jakob abgelaufen. So dauerte es bis zur 13. Minute, bis Noah Hoinkis im Strafraum am schnellsten reagierte und den Ball aus Nahdistanz zum 2:0 Halbzeitstand \u00fcberlegt einschoss.<\/p>\n<p style=\"text-align: center;\"><img loading=\"lazy\" decoding=\"async\" class=\"aligncenter size-full wp-image-6460\" src=\"https:\/\/fsg99salza.de\/wp-content\/uploads\/2015\/06\/DSC07738.jpg\" alt=\"DSC07738\" width=\"740\" height=\"364\" \/><\/p>\n<p style=\"text-align: center;\"><img loading=\"lazy\" decoding=\"async\" class=\"aligncenter size-full wp-image-6461\" src=\"https:\/\/fsg99salza.de\/wp-content\/uploads\/2015\/06\/DSC07777.jpg\" alt=\"DSC07777\" width=\"740\" height=\"376\" \/><\/p>\n<p style=\"text-align: center;\"><img loading=\"lazy\" decoding=\"async\" class=\"aligncenter size-full wp-image-6462\" src=\"https:\/\/fsg99salza.de\/wp-content\/uploads\/2015\/06\/DSC07781.jpg\" alt=\"DSC07781\" width=\"740\" height=\"368\" \/><\/p>\n<p style=\"text-align: justify;\">Nach dem Seitenwechsel kamen neue Spieler zum Einsatz, die das \u00fcberlegene Spiel der Rolandst\u00e4dter fortsetzten, aber wieder viele Torm\u00f6glichkeiten auslie\u00dfen. Der eingewechselte Nils Ludwig markierte aus halblinker Position das 3:0 mit seinem Flachschuss ins lange Toreck. 3 Minuten sp\u00e4ter war es wiederum Nils, der einen sehr sch\u00f6n herausgespielten Angriff zum 4:0 verwandelte. Den Schlusspunkt setzte in der 37. Minute der Kapit\u00e4n, Lio-Nils Heller, mit einem platzierten Schuss von der Strafraumgrenze zum 5:0 Endstand. Unsere Beiden Torh\u00fcter, Carlos Nico Kleofas (1. H\u00e4lfte) und Lennox Decker (2. H\u00e4lfte) brauchten nicht ernsthaft eingreifen und hatten einen ruhigen Spielverlauf.<\/p>\n<p style=\"text-align: justify;\">F\u00fcr die SpG Nordhausen spielten: Carlos Nico Kleofas, Lennox Decker, Lukas Jakob, Noah Hoinkis (1 Tor), Lio-Nils Heller (MK, 2), Marvin Blanke, Tim Franke, Lennard Grams, Maurice-Elias M\u00fcller, Julian Reinsch, Nils Ludwig (2), Jeremy Zech und Sebastian Knaus.<\/p>\n<p style=\"text-align: justify;\">Mit diesem Ergebnis erreichte das junge Nordh\u00e4user Team der U 8 einen souver\u00e4nen 3. Tabellenplatz hinter dem VfB Artern I und BSV Eintracht Sondershausen in der Staffel 1 der F-Junioren. Daf\u00fcr spreche ich als Trainer der Mannschaft meinen Gl\u00fcckwunsch und Anerkennung f\u00fcr die gezeigten Leistungen aus. Mein Dank gilt auch Thomas Heller und Sven Dobrzykowsky, die mich im Trainings- und Spielbetrieb tatkr\u00e4ftig unterst\u00fctzten, sowie allen Eltern\/Gro\u00dfeltern, die mir in vielen Belangen hilfreich zur Seite standen.<\/p>\n","protected":false},"excerpt":{"rendered":"<p>Von Uwe Nebelung Am Samstag, d. 06.06.2015, trafen die U 8 (F2-Junioren) der SpG Nordhausen (Wacker\/Salza) zum letzten Punktspiel der Staffel 1 in der Kreisklasse auf die SpG Ro\u00dfleben\/Bottendorf. Fotos Martina Nebelung<\/p>\n","protected":false},"author":2,"featured_media":0,"comment_status":"closed","ping_status":"closed","sticky":false,"template":"","format":"standard","meta":{"footnotes":""},"categories":[3],"tags":[],"class_list":["post-6458","post","type-post","status-publish","format-standard","hentry","category-allgemeines"],"_links":{"self":[{"href":"https:\/\/fsg99salza.de\/index.php?rest_route=\/wp\/v2\/posts\/6458","targetHints":{"allow":["GET"]}}],"collection":[{"href":"https:\/\/fsg99salza.de\/index.php?rest_route=\/wp\/v2\/posts"}],"about":[{"href":"https:\/\/fsg99salza.de\/index.php?rest_route=\/wp\/v2\/types\/post"}],"author":[{"embeddable":true,"href":"https:\/\/fsg99salza.de\/index.php?rest_route=\/wp\/v2\/users\/2"}],"replies":[{"embeddable":true,"href":"https:\/\/fsg99salza.de\/index.php?rest_route=%2Fwp%2Fv2%2Fcomments&post=6458"}],"version-history":[{"count":1,"href":"https:\/\/fsg99salza.de\/index.php?rest_route=\/wp\/v2\/posts\/6458\/revisions"}],"predecessor-version":[{"id":6463,"href":"https:\/\/fsg99salza.de\/index.php?rest_route=\/wp\/v2\/posts\/6458\/revisions\/6463"}],"wp:attachment":[{"href":"https:\/\/fsg99salza.de\/index.php?rest_route=%2Fwp%2Fv2%2Fmedia&parent=6458"}],"wp:term":[{"taxonomy":"category","embeddable":true,"href":"https:\/\/fsg99salza.de\/index.php?rest_route=%2Fwp%2Fv2%2Fcategories&post=6458"},{"taxonomy":"post_tag","embeddable":true,"href":"https:\/\/fsg99salza.de\/index.php?rest_route=%2Fwp%2Fv2%2Ftags&post=6458"}],"curies":[{"name":"wp","href":"https:\/\/api.w.org\/{rel}","templated":true}]}}