{"id":6208,"date":"2015-04-22T18:05:34","date_gmt":"2015-04-22T17:05:34","guid":{"rendered":"https:\/\/fsg99salza.de\/?p=6208"},"modified":"2015-04-23T18:17:31","modified_gmt":"2015-04-23T17:17:31","slug":"f2-junioren-artern-dominierte-gegen-die-spg-nordhausen","status":"publish","type":"post","link":"https:\/\/fsg99salza.de\/?p=6208","title":{"rendered":"F2-Junioren | Artern dominierte gegen die SpG Nordhausen"},"content":{"rendered":"<p><em>Von Uwe Nebelung<\/em><\/p>\n<p>Auf dem heimischen Kunstrasenplatz empfing am vergangenen Samstag die U 8 (F 2-Junioren) \u00a0der SpG Nordhausen (Wacker\/Salza) den Spitzenreiter der Staffel 1, den VfB Artern (U 9, F 1). Nach der guten Leistung und dem Sieg am vorangegangenen Wochenende gingen wir hochmotiviert in diese Partie.<\/p>\n<figure id=\"attachment_6209\" aria-describedby=\"caption-attachment-6209\" style=\"width: 740px\" class=\"wp-caption aligncenter\"><img loading=\"lazy\" decoding=\"async\" class=\"size-full wp-image-6209\" src=\"https:\/\/fsg99salza.de\/wp-content\/uploads\/2015\/04\/DSC06689.jpg\" alt=\"Fotos: Martina Nebelung\" width=\"740\" height=\"209\" \/><figcaption id=\"caption-attachment-6209\" class=\"wp-caption-text\">Fotos: Martina Nebelung<\/figcaption><\/figure>\n<p><!--more-->Aber von Beginn an dominierten die G\u00e4ste aus dem Kyffh\u00e4userkreis. Bereits in der 3.Spielminute lagen wir nach einem Freisto\u00df, der unhaltbar in unserem Tor einschlug, mit 0:1 zur\u00fcck. Das junge Nordh\u00e4user Team lie\u00df sich dadurch nicht beirren und war bem\u00fcht, den Ball vom eigenen Tor fernzuhalten. Obwohl wir k\u00f6rperlich nicht viel entgegenzusetzten hatten, wurden die Zweik\u00e4mpfe angenommen. Unsere gelegentlichen Angriffe \u00fcber die linke Seite von Julian Reinsch oder rechts von Lio-Nils Heller wurden sofort gedoppelt, sodass man sich in der G\u00e4steabwehr festrannte. Die 0:2 F\u00fchrung der Arterner resultierte aus einem Fehlabspiel der engeren Abwehr. Mit diesem Ergebnis ging es in die Halbzeitpause. Nach dem Seitenwechsel nahm der Druck auf unser Tor weiter zu. Innerhalb von 5 Minuten gelang den G\u00e4sten drei Treffer zum 0:5, die jedoch individuellen Fehlern unserer jungen Mannschaft geschuldet sind. Im weiteren Spielverlauf war zu erkennen, dass die Konzentration und die Kr\u00e4fte nach lie\u00dfen. So war es nur eine Frage der Zeit, bis wir weitere Tore kassierten. Doch die Moral der Nordh\u00e4user war nicht gebrochen und sie versuchten, weiter dagegen zu halten. Gerade in dieser Altersklasse ist die K\u00f6rpergr\u00f6\u00dfe noch viel Wert. Mit der Kraft war auch die Zuordnung bei uns in den letzten Minuten weg und so schlichen sich immer wieder Fehler ein, sodass\u00a0 das Arterner Team noch 3 Tore zum 0:8 Endstand erzielte. Aus der\u00a0 tapfer k\u00e4mpfenden jungen Nordh\u00e4user Mannschaft ragte als Turm in der Schlacht noch Lennard Grams heraus, der gegen die \u00e4lteren G\u00e4stespieler viele seiner Zweik\u00e4mpfe positiv gestaltete.<\/p>\n<p><strong>F\u00fcr die SpG Nordhausen spielten:<\/strong> Carlos Nico Kleofas, Noah Hoinkis, Lio-Nils Heller (MK), Marvin Blanke, Tim Franke, Lennard Grams, Maurice-Elias M\u00fcller, Julian Reinsch, Lennox Decker und Nils Ludwig.<\/p>\n<p style=\"text-align: center;\"><img loading=\"lazy\" decoding=\"async\" class=\"aligncenter size-full wp-image-6210\" src=\"https:\/\/fsg99salza.de\/wp-content\/uploads\/2015\/04\/DSC06676.jpg\" alt=\"DSC06676\" width=\"740\" height=\"389\" \/> <img loading=\"lazy\" decoding=\"async\" class=\"aligncenter size-full wp-image-6211\" src=\"https:\/\/fsg99salza.de\/wp-content\/uploads\/2015\/04\/DSC06683.jpg\" alt=\"DSC06683\" width=\"740\" height=\"341\" \/> <img loading=\"lazy\" decoding=\"async\" class=\"aligncenter size-full wp-image-6212\" src=\"https:\/\/fsg99salza.de\/wp-content\/uploads\/2015\/04\/DSC06699.jpg\" alt=\"DSC06699\" width=\"740\" height=\"326\" \/><\/p>\n","protected":false},"excerpt":{"rendered":"<p>Von Uwe Nebelung Auf dem heimischen Kunstrasenplatz empfing am vergangenen Samstag die U 8 (F 2-Junioren) \u00a0der SpG Nordhausen (Wacker\/Salza) den Spitzenreiter der Staffel 1, den VfB Artern (U 9, F 1). Nach der guten Leistung und dem Sieg am vorangegangenen Wochenende gingen wir hochmotiviert in diese Partie.<\/p>\n","protected":false},"author":2,"featured_media":0,"comment_status":"closed","ping_status":"closed","sticky":false,"template":"","format":"standard","meta":{"footnotes":""},"categories":[3],"tags":[],"class_list":["post-6208","post","type-post","status-publish","format-standard","hentry","category-allgemeines"],"_links":{"self":[{"href":"https:\/\/fsg99salza.de\/index.php?rest_route=\/wp\/v2\/posts\/6208","targetHints":{"allow":["GET"]}}],"collection":[{"href":"https:\/\/fsg99salza.de\/index.php?rest_route=\/wp\/v2\/posts"}],"about":[{"href":"https:\/\/fsg99salza.de\/index.php?rest_route=\/wp\/v2\/types\/post"}],"author":[{"embeddable":true,"href":"https:\/\/fsg99salza.de\/index.php?rest_route=\/wp\/v2\/users\/2"}],"replies":[{"embeddable":true,"href":"https:\/\/fsg99salza.de\/index.php?rest_route=%2Fwp%2Fv2%2Fcomments&post=6208"}],"version-history":[{"count":3,"href":"https:\/\/fsg99salza.de\/index.php?rest_route=\/wp\/v2\/posts\/6208\/revisions"}],"predecessor-version":[{"id":6215,"href":"https:\/\/fsg99salza.de\/index.php?rest_route=\/wp\/v2\/posts\/6208\/revisions\/6215"}],"wp:attachment":[{"href":"https:\/\/fsg99salza.de\/index.php?rest_route=%2Fwp%2Fv2%2Fmedia&parent=6208"}],"wp:term":[{"taxonomy":"category","embeddable":true,"href":"https:\/\/fsg99salza.de\/index.php?rest_route=%2Fwp%2Fv2%2Fcategories&post=6208"},{"taxonomy":"post_tag","embeddable":true,"href":"https:\/\/fsg99salza.de\/index.php?rest_route=%2Fwp%2Fv2%2Ftags&post=6208"}],"curies":[{"name":"wp","href":"https:\/\/api.w.org\/{rel}","templated":true}]}}