{"id":5903,"date":"2014-12-04T07:39:43","date_gmt":"2014-12-04T06:39:43","guid":{"rendered":"https:\/\/fsg99salza.de\/?p=5903"},"modified":"2014-12-08T08:59:32","modified_gmt":"2014-12-08T07:59:32","slug":"wir-trauern-um-helmut-graniewski","status":"publish","type":"post","link":"https:\/\/fsg99salza.de\/?p=5903","title":{"rendered":"Wir trauern um Helmut Graniewski"},"content":{"rendered":"<p><a href=\"https:\/\/fsg99salza.de\/wp-content\/uploads\/2014\/12\/Helmut-Graniewski.jpg\"><img loading=\"lazy\" decoding=\"async\" class=\"alignleft size-full wp-image-5904\" src=\"https:\/\/fsg99salza.de\/wp-content\/uploads\/2014\/12\/Helmut-Graniewski.jpg\" alt=\"Helmut Graniewski\" width=\"100\" height=\"100\" \/><\/a><\/p>\n<p>V\u00f6llig \u00fcberrascht wurde am Mittwochfr\u00fch G\u00fcnter John, Vorsitzender der FSG Salza, von der Nachricht, dass Vereinsmitglied Helmut Graniewski im Alter von 64 Jahren pl\u00f6tzlich verstorben ist.<\/p>\n<p>&#8222;Ein gro\u00dfer Verlust f\u00fcr unseren Verein. Helmut hat viel gemacht. Er schrieb die Spielberichte von den Spielen unserer 1. Mannschaft f\u00fcr die Internetseite und die TA, hat kein Spiel verpasst&#8220;, sagt G\u00fcnter John. Der wie alle anderen Vereinsmitglieder und Fu\u00dfballer des Landkreises Nordhausen einen Fachmann in Sachen Fu\u00dfball verliert. Auch bei der SG Leimbach arbeitete Graniewski viele Jahre im Vorstand mit, wechselte dann zur FSG Salza. &#8222;Helmut kannte sich bestens mit der Spielordnung aus&#8220;, erkl\u00e4rt G\u00fcnter John.<\/p>\n<p>Laut John war Helmut Graniewski \u00fcber ein Jahrzehnt Mitglied der FSG 99 Salza. Auch arbeitete er viele Jahre im Vorstand des Kreisfu\u00dfballausschusses Nordhausen als Staffelleiter mit, pflegte die Internetseite und war jede Saison f\u00fcr das Erstellen der Ansetzungshefte verantwortlich.<\/p>\n<p>Als die Fu\u00dfballkreise Nordhausen und Kyffh\u00e4user fusionierten, zog sich Graniewski aus dem Gesch\u00e4ft auf Kreisebene zur\u00fcck, blieb aber bei der FSG Salza seinem geliebten Fu\u00dfball eng verbunden. Viele Auszeichnungen der Fu\u00dfballverb\u00e4nde erhielt der Verstorbene, zuletzt die Ehrennadel des Nordostdeutschen Fu\u00dfballverbandes.<\/p>\n<p><em>(aus der TA vom 03.12.2014)<\/em><\/p>\n","protected":false},"excerpt":{"rendered":"<p>V\u00f6llig \u00fcberrascht wurde am Mittwochfr\u00fch G\u00fcnter John, Vorsitzender der FSG Salza, von der Nachricht, dass Vereinsmitglied Helmut Graniewski im Alter von 64 Jahren pl\u00f6tzlich verstorben ist. &#8222;Ein gro\u00dfer Verlust f\u00fcr unseren Verein. Helmut hat viel gemacht. Er schrieb die Spielberichte von den Spielen unserer 1. Mannschaft f\u00fcr die Internetseite und die TA, hat kein Spiel [&hellip;]<\/p>\n","protected":false},"author":2,"featured_media":0,"comment_status":"closed","ping_status":"closed","sticky":false,"template":"","format":"standard","meta":{"footnotes":""},"categories":[3],"tags":[],"class_list":["post-5903","post","type-post","status-publish","format-standard","hentry","category-allgemeines"],"_links":{"self":[{"href":"https:\/\/fsg99salza.de\/index.php?rest_route=\/wp\/v2\/posts\/5903","targetHints":{"allow":["GET"]}}],"collection":[{"href":"https:\/\/fsg99salza.de\/index.php?rest_route=\/wp\/v2\/posts"}],"about":[{"href":"https:\/\/fsg99salza.de\/index.php?rest_route=\/wp\/v2\/types\/post"}],"author":[{"embeddable":true,"href":"https:\/\/fsg99salza.de\/index.php?rest_route=\/wp\/v2\/users\/2"}],"replies":[{"embeddable":true,"href":"https:\/\/fsg99salza.de\/index.php?rest_route=%2Fwp%2Fv2%2Fcomments&post=5903"}],"version-history":[{"count":3,"href":"https:\/\/fsg99salza.de\/index.php?rest_route=\/wp\/v2\/posts\/5903\/revisions"}],"predecessor-version":[{"id":5907,"href":"https:\/\/fsg99salza.de\/index.php?rest_route=\/wp\/v2\/posts\/5903\/revisions\/5907"}],"wp:attachment":[{"href":"https:\/\/fsg99salza.de\/index.php?rest_route=%2Fwp%2Fv2%2Fmedia&parent=5903"}],"wp:term":[{"taxonomy":"category","embeddable":true,"href":"https:\/\/fsg99salza.de\/index.php?rest_route=%2Fwp%2Fv2%2Fcategories&post=5903"},{"taxonomy":"post_tag","embeddable":true,"href":"https:\/\/fsg99salza.de\/index.php?rest_route=%2Fwp%2Fv2%2Ftags&post=5903"}],"curies":[{"name":"wp","href":"https:\/\/api.w.org\/{rel}","templated":true}]}}