{"id":5378,"date":"2014-06-15T14:02:22","date_gmt":"2014-06-15T13:02:22","guid":{"rendered":"https:\/\/fsg99salza.de\/?p=5378"},"modified":"2014-06-15T14:15:21","modified_gmt":"2014-06-15T13:15:21","slug":"unser-stadionsprecher-und-fotoreporter-klaus-pfand-geht-in-den-ruhestand","status":"publish","type":"post","link":"https:\/\/fsg99salza.de\/?p=5378","title":{"rendered":"Unser Stadionsprecher Klaus Pfand geht in den Ruhestand"},"content":{"rendered":"<p>Mit dem letzten Heimspiel und den letzten Worten am Mikrofon endet die \u00c4ra von unserem Stadionsprecher, Fotoreporter und Redakteur unseres \u201eSalza-Kick\u201c nach 9-j\u00e4hriger ehrenamtlicher T\u00e4tigkeit f\u00fcr unseren Verein. Aus gesundheitlichen und Altersgr\u00fcnden h\u00e4ngt unser Klaus das Mikrofon an den Nagel .<!--more--> Klaus hat in den 9 Jahren nur 3 Spiele wegen Krankheit nicht begleitet. Durch seinen verdienten Gang in den \u201eRuhestand\u201c reist er nat\u00fcrlich eine gro\u00dfe L\u00fccke in unserem Verein, denn ein Nachfolger hat sich leider noch nicht gefunden. \u00a0Er wird aber weiterhin unser Vereinsjournal \u201eSalza Kick\u201c zu den Heimspielen weiterhin gestalten und die Zuschauer \u00fcber die Spiele und die Neuigkeiten unseres Vereins informieren.<\/p>\n<p>Der Vorstand, Spieler, Mitglieder, Fans und alle Besucher unseres Vereins bedanken sich hiermit f\u00fcr die langj\u00e4hrige ehrenamtliche T\u00e4tigkeit bei der FSG\u00a0und w\u00fcnschen Klaus viel Gesundheit und er m\u00f6ge noch lange unserem Verein erhalten bleiben.<\/p>\n<p>Verabschiedet wurde er vor dem Spiel gegen den VfB Artern \u00a0vom Pr\u00e4sidenten G\u00fcnter John, Schatzmeister Uli Theuerkauf und der gesamten Mannschaft und allen anwesenden Zuschauern.<\/p>\n<p><a href=\"https:\/\/fsg99salza.de\/wp-content\/uploads\/2014\/06\/Verabschiedung-Klaus-Pfand-1.jpg\"><img loading=\"lazy\" decoding=\"async\" class=\"alignleft wp-image-5379\" src=\"https:\/\/fsg99salza.de\/wp-content\/uploads\/2014\/06\/Verabschiedung-Klaus-Pfand-1-300x199.jpg\" alt=\"Verabschiedung Klaus Pfand-1\" width=\"280\" height=\"186\" \/><\/a> <a href=\"https:\/\/fsg99salza.de\/wp-content\/uploads\/2014\/06\/Verabschiedung-Klaus-Pfand-2.jpg\"><img loading=\"lazy\" decoding=\"async\" class=\"alignright wp-image-5380\" src=\"https:\/\/fsg99salza.de\/wp-content\/uploads\/2014\/06\/Verabschiedung-Klaus-Pfand-2-300x200.jpg\" alt=\"Verabschiedung Klaus Pfand-2\" width=\"280\" height=\"187\" \/><\/a><\/p>\n","protected":false},"excerpt":{"rendered":"<p>Mit dem letzten Heimspiel und den letzten Worten am Mikrofon endet die \u00c4ra von unserem Stadionsprecher, Fotoreporter und Redakteur unseres \u201eSalza-Kick\u201c nach 9-j\u00e4hriger ehrenamtlicher T\u00e4tigkeit f\u00fcr unseren Verein. Aus gesundheitlichen und Altersgr\u00fcnden h\u00e4ngt unser Klaus das Mikrofon an den Nagel .<\/p>\n","protected":false},"author":2,"featured_media":0,"comment_status":"closed","ping_status":"closed","sticky":false,"template":"","format":"standard","meta":{"footnotes":""},"categories":[3],"tags":[],"class_list":["post-5378","post","type-post","status-publish","format-standard","hentry","category-allgemeines"],"_links":{"self":[{"href":"https:\/\/fsg99salza.de\/index.php?rest_route=\/wp\/v2\/posts\/5378","targetHints":{"allow":["GET"]}}],"collection":[{"href":"https:\/\/fsg99salza.de\/index.php?rest_route=\/wp\/v2\/posts"}],"about":[{"href":"https:\/\/fsg99salza.de\/index.php?rest_route=\/wp\/v2\/types\/post"}],"author":[{"embeddable":true,"href":"https:\/\/fsg99salza.de\/index.php?rest_route=\/wp\/v2\/users\/2"}],"replies":[{"embeddable":true,"href":"https:\/\/fsg99salza.de\/index.php?rest_route=%2Fwp%2Fv2%2Fcomments&post=5378"}],"version-history":[{"count":6,"href":"https:\/\/fsg99salza.de\/index.php?rest_route=\/wp\/v2\/posts\/5378\/revisions"}],"predecessor-version":[{"id":5388,"href":"https:\/\/fsg99salza.de\/index.php?rest_route=\/wp\/v2\/posts\/5378\/revisions\/5388"}],"wp:attachment":[{"href":"https:\/\/fsg99salza.de\/index.php?rest_route=%2Fwp%2Fv2%2Fmedia&parent=5378"}],"wp:term":[{"taxonomy":"category","embeddable":true,"href":"https:\/\/fsg99salza.de\/index.php?rest_route=%2Fwp%2Fv2%2Fcategories&post=5378"},{"taxonomy":"post_tag","embeddable":true,"href":"https:\/\/fsg99salza.de\/index.php?rest_route=%2Fwp%2Fv2%2Ftags&post=5378"}],"curies":[{"name":"wp","href":"https:\/\/api.w.org\/{rel}","templated":true}]}}