{"id":5029,"date":"2014-03-03T18:39:36","date_gmt":"2014-03-03T17:39:36","guid":{"rendered":"https:\/\/fsg99salza.de\/?p=5029"},"modified":"2014-03-03T18:40:42","modified_gmt":"2014-03-03T17:40:42","slug":"kraja-gewinnt-gegen-salza-im-elfmeterschiessen-pokalkrimi","status":"publish","type":"post","link":"https:\/\/fsg99salza.de\/?p=5029","title":{"rendered":"Kraja gewinnt gegen Salza im Elfmeterschie\u00dfen Pokalkrimi"},"content":{"rendered":"<p><span style=\"color: #0000ff;\"><em><strong>Th\u00fcringer Algemeine vom 03.03.14 von Kurt Trost<\/strong><\/em><\/span><\/p>\n<h4>FSG`99 Salza-Nordhausen\u00a0 &#8211;\u00a0 SV Rot-Wei\u00df Kraja\u00a0 2:3 n.E.<\/h4>\n<p>Rot-Wei\u00df Kraja konnte nach einer 120-min\u00fctigen Nullnummer das Elfmeterschie\u00dfen im Pokalhalbfinale gegen die FSG`99 Salza-Nordhausen gl\u00fccklich mit 3:2 am gestrigen Sonntag gewinnen.<!--more--> Bei optimalen Bedingungen gingen beide Mannschaften hochmotiviert ins Spiel, hatten eine gute Anfangsphase. Das war aber Strohfeuer, denn es folgte eine ganz schwache erste Halbzeit, Torchancen waren Mangelware und das 0:0 zur Pause entsprach dem Spielverlauf. In der zweiten H\u00e4lfte wurde die Partie etwas besser. Kraja fand besser in die Partie, hatte nun auch einige Torchancen. Salza verlegte sich auf das Konterspiel. Ein Freisto\u00df von Kai Pflieger strich knapp am Salzaer Tor vorbei (53.). Viele Unterbrechungen und Freist\u00f6\u00dfe hemmten immer wieder den Spielfluss. Die G\u00e4ste konnten aus dem \u00dcbergewicht keinen Nutzen ziehen, da Salzas Abwehr fehlerfrei spielte. Als Salzas eingewechselter Sebastian Genzel mit einem langen Ball geschickt wurde, musste G\u00e4stetorwart Marcus Pegelow Kopf und Kragen riskieren, um den Einschlag zu verhindern (78.). Danach folgte eine gute Krajaer Schlussphase mit drei Gro\u00dfchancen. Nach 90 Minuten stand es immer noch 0:0. Es ging in die Verl\u00e4ngerung. In der ersten H\u00e4lfte der Verl\u00e4ngerung ein Hochkar\u00e4ter f\u00fcr Kraja. Der Ball wurde vom Salzaer Abwehrspieler auf der Torlinie gekl\u00e4rt (102.). Eine Minute sp\u00e4ter flog Salzas Robert Salzmann mit Rot vom Platz. Die \u00dcberzahl in der zweiten Halbzeit der Verl\u00e4ngerung konnte Kraja nicht nutzen, scheiterte am eigenen Unverm\u00f6gen oder am Salzaer Torwart Christian Werner. Die Entscheidung fiel zugunsten der Krajaer im Elfmeterschie\u00dfen.<\/p>\n<p><b><span style=\"text-decoration: underline;\">Salza:<\/span><\/b> Werner, Salzmann, Heydecke, Sterbenk, Stobbe (76. H\u00fcbler), Dr\u00f6scher, K. K\u00f6hler, Schr\u00f6ter (55. Genzel), Ch. K\u00f6hler, Hahn, Kindervater (109. Levin)<\/p>\n<p><b><span style=\"text-decoration: underline;\">Kraja;<\/span><\/b> Pegelow, S. Slomczyk, Aderhold, Heise, Wetterau, Pflieger, Gerlach, E. Slomczyk (70. Picht), Respondek, Ubl (101. Emmelmann), M. Slomczyk<\/p>\n<p><b><span style=\"text-decoration: underline;\">Schiedsrichter:<\/span><\/b>\u00a0 Axel Merfert\u00a0 (SV Gl\u00fcckauf Bleicherode)<\/p>\n<p><b><span style=\"text-decoration: underline;\">Zuschauer:<\/span><\/b>\u00a0 70<\/p>\n<p><b><span style=\"text-decoration: underline;\">Tore:<\/span><\/b> Fehlanzeige<\/p>\n<p><b><span style=\"text-decoration: underline;\">Verwandelte Elfmeter Salza:<\/span><\/b>\u00a0 Heydecke, Sterbenk<\/p>\n<p><b><span style=\"text-decoration: underline;\">Verwandelte Elfmeter Kraja:<\/span><\/b>\u00a0 Aderhold, Heise, Gerlach<\/p>\n<p>Im zweiten Halbfinale setzte sich SV Blau-Wei\u00df Greu\u00dfen gegen den SV Bielen in der Verl\u00e4ngerung durch. Damit kommt es am 1.Mai zum Endspiel zwischen SV Rot-Wei\u00df Kraja und SV Blau-Wei\u00df Greu\u00dfen.<\/p>\n<p><span style=\"color: #0000ff;\"><em>Die Fotos zum Spiel schoss Klaus Pfand<\/em><\/span><\/p>\n<p><a href=\"https:\/\/fsg99salza.de\/wp-content\/uploads\/2014\/03\/Salza-Kraja-PHF-2.3.14-4.jpg\"><img loading=\"lazy\" decoding=\"async\" class=\"alignnone size-thumbnail wp-image-5034\" alt=\"Salza-Kraja PHF 2.3.14-4\" src=\"https:\/\/fsg99salza.de\/wp-content\/uploads\/2014\/03\/Salza-Kraja-PHF-2.3.14-4-150x150.jpg\" width=\"150\" height=\"150\" \/><\/a> <a href=\"https:\/\/fsg99salza.de\/wp-content\/uploads\/2014\/03\/Salza-Kraja-PHF-2.3.14-5.jpg\"><img loading=\"lazy\" decoding=\"async\" class=\"alignnone size-thumbnail wp-image-5035\" alt=\"Salza-Kraja PHF 2.3.14-5\" src=\"https:\/\/fsg99salza.de\/wp-content\/uploads\/2014\/03\/Salza-Kraja-PHF-2.3.14-5-150x150.jpg\" width=\"150\" height=\"150\" \/><\/a> <a href=\"https:\/\/fsg99salza.de\/wp-content\/uploads\/2014\/03\/Salza-Kraja-PHF-2.3.14-3.jpg\"><img loading=\"lazy\" decoding=\"async\" class=\"alignnone size-thumbnail wp-image-5033\" alt=\"Salza-Kraja PHF 2.3.14-3\" src=\"https:\/\/fsg99salza.de\/wp-content\/uploads\/2014\/03\/Salza-Kraja-PHF-2.3.14-3-150x150.jpg\" width=\"150\" height=\"150\" \/><\/a> <a href=\"https:\/\/fsg99salza.de\/wp-content\/uploads\/2014\/03\/Salza-Kraja-PHF-2.3.14-2.jpg\"><img loading=\"lazy\" decoding=\"async\" class=\"alignnone size-thumbnail wp-image-5032\" alt=\"Salza-Kraja PHF 2.3.14-2\" src=\"https:\/\/fsg99salza.de\/wp-content\/uploads\/2014\/03\/Salza-Kraja-PHF-2.3.14-2-150x150.jpg\" width=\"150\" height=\"150\" \/><\/a> <a href=\"https:\/\/fsg99salza.de\/wp-content\/uploads\/2014\/03\/Salza-Kraja-PHF-2.3.14-1.jpg\"><img loading=\"lazy\" decoding=\"async\" class=\"alignnone size-thumbnail wp-image-5031\" alt=\"Salza-Kraja PHF 2.3.14-1\" src=\"https:\/\/fsg99salza.de\/wp-content\/uploads\/2014\/03\/Salza-Kraja-PHF-2.3.14-1-150x150.jpg\" width=\"150\" height=\"150\" \/><\/a> <a href=\"https:\/\/fsg99salza.de\/wp-content\/uploads\/2014\/03\/Salza-Kraja-PHF-2.3.14-6.jpg\"><img loading=\"lazy\" decoding=\"async\" class=\"alignnone size-thumbnail wp-image-5030\" alt=\"Salza-Kraja PHF 2.3.14-6\" src=\"https:\/\/fsg99salza.de\/wp-content\/uploads\/2014\/03\/Salza-Kraja-PHF-2.3.14-6-150x150.jpg\" width=\"150\" height=\"150\" \/><\/a><\/p>\n","protected":false},"excerpt":{"rendered":"<p>Th\u00fcringer Algemeine vom 03.03.14 von Kurt Trost FSG`99 Salza-Nordhausen\u00a0 &#8211;\u00a0 SV Rot-Wei\u00df Kraja\u00a0 2:3 n.E. Rot-Wei\u00df Kraja konnte nach einer 120-min\u00fctigen Nullnummer das Elfmeterschie\u00dfen im Pokalhalbfinale gegen die FSG`99 Salza-Nordhausen gl\u00fccklich mit 3:2 am gestrigen Sonntag gewinnen.<\/p>\n","protected":false},"author":2,"featured_media":0,"comment_status":"closed","ping_status":"closed","sticky":false,"template":"","format":"standard","meta":{"footnotes":""},"categories":[3],"tags":[],"class_list":["post-5029","post","type-post","status-publish","format-standard","hentry","category-allgemeines"],"_links":{"self":[{"href":"https:\/\/fsg99salza.de\/index.php?rest_route=\/wp\/v2\/posts\/5029","targetHints":{"allow":["GET"]}}],"collection":[{"href":"https:\/\/fsg99salza.de\/index.php?rest_route=\/wp\/v2\/posts"}],"about":[{"href":"https:\/\/fsg99salza.de\/index.php?rest_route=\/wp\/v2\/types\/post"}],"author":[{"embeddable":true,"href":"https:\/\/fsg99salza.de\/index.php?rest_route=\/wp\/v2\/users\/2"}],"replies":[{"embeddable":true,"href":"https:\/\/fsg99salza.de\/index.php?rest_route=%2Fwp%2Fv2%2Fcomments&post=5029"}],"version-history":[{"count":2,"href":"https:\/\/fsg99salza.de\/index.php?rest_route=\/wp\/v2\/posts\/5029\/revisions"}],"predecessor-version":[{"id":5037,"href":"https:\/\/fsg99salza.de\/index.php?rest_route=\/wp\/v2\/posts\/5029\/revisions\/5037"}],"wp:attachment":[{"href":"https:\/\/fsg99salza.de\/index.php?rest_route=%2Fwp%2Fv2%2Fmedia&parent=5029"}],"wp:term":[{"taxonomy":"category","embeddable":true,"href":"https:\/\/fsg99salza.de\/index.php?rest_route=%2Fwp%2Fv2%2Fcategories&post=5029"},{"taxonomy":"post_tag","embeddable":true,"href":"https:\/\/fsg99salza.de\/index.php?rest_route=%2Fwp%2Fv2%2Ftags&post=5029"}],"curies":[{"name":"wp","href":"https:\/\/api.w.org\/{rel}","templated":true}]}}