{"id":4819,"date":"2013-11-20T09:32:18","date_gmt":"2013-11-20T08:32:18","guid":{"rendered":"https:\/\/fsg99salza.de\/?p=4819"},"modified":"2013-11-25T13:56:07","modified_gmt":"2013-11-25T12:56:07","slug":"vorschau-auf-das-pokal-viertelfinale","status":"publish","type":"post","link":"https:\/\/fsg99salza.de\/?p=4819","title":{"rendered":"Halbfinale erreicht"},"content":{"rendered":"<h2><span style=\"color: #ff0000;\">Kreispokal-Halbfinale erreicht<\/span><\/h2>\n<p>Gegen den Vertreter aus der Kreisliga-Staffel 1 \u00fcbernahm der Kreisoberligist von Beginn an die Initiative\u00a0 und versuchte den Gastgeber unter Druck zu setzen.<!--more--> So erspielte sie sich auch die erste Chance im Spiel. Guido Fischer setzte sich auf der linken Seite durch, doch seinen Pass konnte Christian Finsterbusch nicht nutzen. Im Gegenzug vergab Enrico H\u00fchn die Gelegenheit zur F\u00fchrung. Allein vor dem Torwart scheiterte er am gl\u00e4nzend aufgelegten Christian Werner. Danach bestimmten die G\u00e4ste weiter das Geschen, ohne aber den Gastgeber ernsthaft in Bedr\u00e4ngnis zu bringen. Die Freist\u00f6\u00dfe von Ricardo Dr\u00f6scher und Florian Heydecke waren ebenso erfolglos, wie der Schuss von Marcel Verkouter. Einen der wenigen Konter brachte f\u00fcr die Heimmannschaft die gr\u00f6\u00dfte Chance der ersten Halbzeit. Nach einem langen Pass aus dem Mittelfeld scheiterte Enrico H\u00fchn allein vor dem Torwart am gut reagierenden Christian Werner. \u00a0Das war die zweite Chance f\u00fcr die Gastgeber und sie sollte die letzte der ersten Halbzeit sein. Salza hate noch zwei Freist\u00f6sse durch Marcel Verkouter und Florian Heydecke, die aber vom gut reagieren Torh\u00fcter Ronny H\u00fchn unsch\u00e4dlich gemacht wurden. Kurz vor dem Halbzeitpfiff erzielte Martin-Jonathan Schr\u00f6ter per Kopf den lang ersehnten F\u00fchrungstreffer f\u00fcr die G\u00e4ste aus Salza. Mit dieser F\u00fchrung ging es in die Halbzeit.\u00a0Die Zuschauer sahen eine erste Halbzeit, die nicht zur Erw\u00e4rmung bei den frostigen Temperaturen beigetragen hatte. \u00a0Spielerisch lief nicht viel zusammen und die wenigen Torchancen wurden alle vergeben. Der einzige H\u00f6hepunkt war die f\u00fcnfmin\u00fctige Unterbrechung, um einen auf das Spielfeld laufenden jungen Hund einzufangen, der besonders an Torwart Christian Werner seinen Gefallen fand.<\/p>\n<p>Wer gedacht hat, die F\u00fchrung gibt mehr Sicherheit im Spiel des Kreisoberligisten sah sich get\u00e4uscht. Die zweite Halbzeit war ein Spiegelbild der gezeigten Leistung der ersten 45 Minuten. Optisch war der Gast aus Salza zwar \u00fcberlegen, aber er erspielte sich keine nennenswerten Chancen, um die F\u00fchrung zu erh\u00f6hen. Die gef\u00e4hrlichsten Situationen waren ein Schuss von Florian Heydecke, nach sch\u00f6nem Doppelpass mit Guido Fischer (50.), der genauso abgewehrt wurde wie die Sch\u00fcsse und Freist\u00f6sse von Ricardo Dr\u00f6scher (53.) und Marcel Verkouter (78.). In der 85. Minute setzte Florian Heydecke auf der linken Seite durch. Seine Flanke verwertete Marcel Verkouter sicher zur 2 : 0 F\u00fchrung f\u00fcr die G\u00e4ste. Christian K\u00f6hler hatte in der 88. Minute noch die gro\u00dfe Gelegenheit die F\u00fchrung auszubauen. Allein vor dem Torwart hob er den Ball gekonnt \u00fcber Ronny H\u00fchn. Aber statt des 0 : 3 landete der Ball am Pfosten. Die tapfer k\u00e4mpfenden Gastgeber aus Clingen hatten bis auf einige Standartsituationen, die aber alle nichts eingebracht haben, keine Gelegenheiten zur Resultatsverbesserung. In einem schwachen Spiel, dem sich auch das Schiedsrichterkollektiv anpasste, setzte sich zum Schluss die h\u00f6herklassige Mannschaft verdient durch, ohne jedoch zu \u00fcberzeugen. Im Halbfinale warten nun die Kreisoberligisten aus Werther, Greu\u00dfen oder Kraja auf die Salzaer Elf. Dort muss es aber eine gewaltige Leistungssteigerung der Mannschaft geben um das Finale des NTKFA-Kreispokals zu erreichen.<\/p>\n<p><span style=\"text-decoration: underline;\"><strong>Schiedsrichter:<\/strong><\/span> Holger Wolff (SV Eintracht Abtsbessingen)<\/p>\n<p><strong><span style=\"text-decoration: underline;\">Zuschauer:<\/span><\/strong>\u00a0 50<\/p>\n<p><strong><span style=\"text-decoration: underline;\">Tore:\u00a0<\/span><\/strong> 0 : 1 Martin-Jonathan Schr\u00f6ter,\u00a0 0 : 2 Marcel Verkouter<\/p>\n<p><strong><span style=\"text-decoration: underline;\">Clingen:<\/span><\/strong>\u00a0 R. H\u00fchn, Ch. Klingenberg, Schwanz, K\u00e4stner, A. Klingenberg, M\u00fcller (60. Yaman), K\u00fchnert, Haltenhof, Schaffer (53. Ernst), Karl, E. H\u00fchn<\/p>\n<p><strong><span style=\"text-decoration: underline;\">Salza:\u00a0<\/span><\/strong> Werner, Salzmann, Heydecke, Sterbenk, H\u00fcbler, Dr\u00f6scher (87. Levin), Schr\u00f6ter, M. Verkouter, Ch. K\u00f6hler, Fischer, Finsterbusch (65. Gottschalk)<\/p>\n<p><span style=\"color: #0000ff;\"><em>Die Fotos vom Viertelfinale schoss Klaus Pfand<\/em><\/span><\/p>\n<p><a href=\"https:\/\/fsg99salza.de\/wp-content\/uploads\/2013\/11\/Pokal-Clingen-Salza-23.11.13-1.jpg\"><img loading=\"lazy\" decoding=\"async\" class=\"alignnone size-thumbnail wp-image-4831\" alt=\"Pokal Clingen-Salza 23.11.13-1\" src=\"https:\/\/fsg99salza.de\/wp-content\/uploads\/2013\/11\/Pokal-Clingen-Salza-23.11.13-1-150x150.jpg\" width=\"150\" height=\"150\" \/><\/a> <a href=\"https:\/\/fsg99salza.de\/wp-content\/uploads\/2013\/11\/Pokal-Clingen-Salza-23.11.13-2.jpg\"><img loading=\"lazy\" decoding=\"async\" class=\"alignnone size-thumbnail wp-image-4832\" alt=\"Pokal Clingen-Salza 23.11.13-2\" src=\"https:\/\/fsg99salza.de\/wp-content\/uploads\/2013\/11\/Pokal-Clingen-Salza-23.11.13-2-150x150.jpg\" width=\"150\" height=\"150\" \/><\/a> <a href=\"https:\/\/fsg99salza.de\/wp-content\/uploads\/2013\/11\/Pokal-Clingen-Salza-23.11.13-3.jpg\"><img loading=\"lazy\" decoding=\"async\" class=\"alignnone size-thumbnail wp-image-4833\" alt=\"Pokal Clingen-Salza 23.11.13-3\" src=\"https:\/\/fsg99salza.de\/wp-content\/uploads\/2013\/11\/Pokal-Clingen-Salza-23.11.13-3-150x150.jpg\" width=\"150\" height=\"150\" \/><\/a> <a href=\"https:\/\/fsg99salza.de\/wp-content\/uploads\/2013\/11\/Pokal-Clingen-Salza-23.11.13-4.jpg\"><img loading=\"lazy\" decoding=\"async\" class=\"alignnone size-thumbnail wp-image-4834\" alt=\"Pokal Clingen-Salza 23.11.13-4\" src=\"https:\/\/fsg99salza.de\/wp-content\/uploads\/2013\/11\/Pokal-Clingen-Salza-23.11.13-4-150x150.jpg\" width=\"150\" height=\"150\" \/><\/a> <a href=\"https:\/\/fsg99salza.de\/wp-content\/uploads\/2013\/11\/Pokal-Clingen-Salza-23.11.13-5.jpg\"><img loading=\"lazy\" decoding=\"async\" class=\"alignnone size-thumbnail wp-image-4835\" alt=\"Pokal Clingen-Salza 23.11.13-5\" src=\"https:\/\/fsg99salza.de\/wp-content\/uploads\/2013\/11\/Pokal-Clingen-Salza-23.11.13-5-150x150.jpg\" width=\"150\" height=\"150\" \/><\/a> <a href=\"https:\/\/fsg99salza.de\/wp-content\/uploads\/2013\/11\/Pokal-Clingen-Salza-23.11.13-6.jpg\"><img loading=\"lazy\" decoding=\"async\" class=\"alignnone size-thumbnail wp-image-4830\" alt=\"Pokal Clingen-Salza 23.11.13-6\" src=\"https:\/\/fsg99salza.de\/wp-content\/uploads\/2013\/11\/Pokal-Clingen-Salza-23.11.13-6-150x150.jpg\" width=\"150\" height=\"150\" \/><\/a><\/p>\n","protected":false},"excerpt":{"rendered":"<p>Kreispokal-Halbfinale erreicht Gegen den Vertreter aus der Kreisliga-Staffel 1 \u00fcbernahm der Kreisoberligist von Beginn an die Initiative\u00a0 und versuchte den Gastgeber unter Druck zu setzen.<\/p>\n","protected":false},"author":2,"featured_media":0,"comment_status":"closed","ping_status":"closed","sticky":false,"template":"","format":"standard","meta":{"footnotes":""},"categories":[3],"tags":[],"class_list":["post-4819","post","type-post","status-publish","format-standard","hentry","category-allgemeines"],"_links":{"self":[{"href":"https:\/\/fsg99salza.de\/index.php?rest_route=\/wp\/v2\/posts\/4819","targetHints":{"allow":["GET"]}}],"collection":[{"href":"https:\/\/fsg99salza.de\/index.php?rest_route=\/wp\/v2\/posts"}],"about":[{"href":"https:\/\/fsg99salza.de\/index.php?rest_route=\/wp\/v2\/types\/post"}],"author":[{"embeddable":true,"href":"https:\/\/fsg99salza.de\/index.php?rest_route=\/wp\/v2\/users\/2"}],"replies":[{"embeddable":true,"href":"https:\/\/fsg99salza.de\/index.php?rest_route=%2Fwp%2Fv2%2Fcomments&post=4819"}],"version-history":[{"count":9,"href":"https:\/\/fsg99salza.de\/index.php?rest_route=\/wp\/v2\/posts\/4819\/revisions"}],"predecessor-version":[{"id":4837,"href":"https:\/\/fsg99salza.de\/index.php?rest_route=\/wp\/v2\/posts\/4819\/revisions\/4837"}],"wp:attachment":[{"href":"https:\/\/fsg99salza.de\/index.php?rest_route=%2Fwp%2Fv2%2Fmedia&parent=4819"}],"wp:term":[{"taxonomy":"category","embeddable":true,"href":"https:\/\/fsg99salza.de\/index.php?rest_route=%2Fwp%2Fv2%2Fcategories&post=4819"},{"taxonomy":"post_tag","embeddable":true,"href":"https:\/\/fsg99salza.de\/index.php?rest_route=%2Fwp%2Fv2%2Ftags&post=4819"}],"curies":[{"name":"wp","href":"https:\/\/api.w.org\/{rel}","templated":true}]}}