{"id":4597,"date":"2013-09-25T08:06:32","date_gmt":"2013-09-25T07:06:32","guid":{"rendered":"https:\/\/fsg99salza.de\/?p=4597"},"modified":"2013-09-29T15:32:11","modified_gmt":"2013-09-29T14:32:11","slug":"vorschau-wochenende-27-bis-29-09-2013","status":"publish","type":"post","link":"https:\/\/fsg99salza.de\/?p=4597","title":{"rendered":"Ergebnisse \u2013 Wochenende 27. bis 29.09.2013"},"content":{"rendered":"<h2><span style=\"color: #ff0000;\"><i><span style=\"text-decoration: underline;\">FSG`99 Salza-Nordhausen gegen SV Rot-Wei\u00df Kraja \u00a00 : 1<\/span><\/i><\/span><\/h2>\n<p>Zum zweiten Kreisderby der Saison empf\u00e4ngt die FSG`99 Salza-Nordhausen den Gast aus Kraja bei herrlichem Fu\u00dfballwetter auf dem Karl-Henze Sportplatz. Auch diesmal stehen die Vorzeichen nicht gerade gut, denn es fehlen wieder viele Stammspieler auf Seiten der FSG.<!--more--><\/p>\n<p>Das Spiel beginnt auf beiden Seiten etwas verhalten mit wenigen Chancen, in der \u00a010. Minute Foulspiel von Christian K\u00f6hler. Der Freisto\u00df f\u00fcr Kraja bringt aber nichts ein. Nur eine Minute sp\u00e4ter die erste Torchance f\u00fcr Salza, die aber von Marcus Pegelow gehalten wird. Mit dieser Chance geht ein Weckruf durchs Spiel und es gewinnt an Fahrt, mit Torchancen auf beiden Seiten. In der 17. Minute verfehlt Kai Pflieger das Salzaer Tor nur knapp. Einige Ecken bringen auch nichts ein. Marcel Verkouters \u00a0Freisto\u00df in der 31. Minute ist ebenso erfolglos, wie der Schuss von Sebastian Genzel nur eine Minute sp\u00e4ter. Der gleiche Spieler steuert im Alleingang auf das leere gegnerische Tor, trifft aber leider nur den Pfosten (34. Minute). Ab der 36. Minute bekommt mit der ersten gelben Karte f\u00fcr Marcus Hahn richtig \u201eFarbe\u201c ins Spiel. Der Schiedsrichter zeigte in diesem bestimmt nicht unfairen Spiel insgesamt 8 gelbe Karten (3 f\u00fcr Salza und 5 f\u00fcr Kraja). Mit dem Spielstand von 0:0 geht es in die Halbzeit. Nach der Halbzeit versucht Kraja mehr Druck aufzubauen und erzielt in der 49. Minute durch Martin Becker das 0:1. Mit dieser F\u00fchrung im R\u00fccken wird das Spiel der G\u00e4ste sicherer und sie erspielen sich einige Chancen durch Kai Pflieger (55.), Martin Becker (58.) und Christian Heise, die entweder das Tor verfehlen oder am Aluminium scheitern. Die Heimmannschaft bem\u00fcht sich zwar um den Ausgleich, aber bist auf ein paar Ans\u00e4tze und Freist\u00f6sse sind keine gro\u00dfen Chancen zu verzeichnen. Der Spielfluss wird jetzt auch durch viele kleine Fouls immer wieder unterbrochen und weitere Chancen bleiben Mangelware. Die gr\u00f6\u00dfte Chance zum 0:2 vergibt kurz vor Schluss Kai Pflieger. Er steuert allein auf das Tor zu, schiebt den Ball an Christian Finsterbusch und auch am Tor vorbei. So blieb es am Ende nach 90+5 Minuten beim Sieg der G\u00e4ste aus Kraja, der nicht ganz unverdient war. Unsere Mannschaft hat sich wieder bem\u00fcht, hat gek\u00e4mpft, ist gelaufen aber es fehle wieder mal ein durchdachtes Spiel und da war uns wieder einmal der Gast ein wenig voraus. Und dieses ein wenig macht dann das eine Tor aus.<\/p>\n<p><b><span style=\"text-decoration: underline;\">Salza:<\/span><\/b>\u00a0 Finsterbusch, H\u00fcbler, Gottschalk, Hahn (46. Feuerriegel), Sterbenk, K. K\u00f6hler, Dr\u00f6scher (67. Levin), Ch. K\u00f6hler, M. Verkouter, Aderhold, Genzel<\/p>\n<p><b><span style=\"text-decoration: underline;\">Kraja:<\/span><\/b>\u00a0 Pegelow, S. Slomczyk, Avdija, Heise, Helbing, Wetterau, Pflieger, Gerlach, Becker, Picht (70. Ammer, 90. Spannaus), M. Slomczyk<\/p>\n<p><b><span style=\"text-decoration: underline;\">Schiedsrichter:<\/span><\/b>\u00a0 Christian Georgi\u00a0 (SV Blau-Wei\u00df Greu\u00dfen)<\/p>\n<p><b><span style=\"text-decoration: underline;\">Zuschauer:<\/span><\/b>\u00a0\u00a0 70<\/p>\n<p><b><span style=\"text-decoration: underline;\">Tor:<\/span><\/b>\u00a0 0 : 1\u00a0 Martin Becker\u00a0 (49.)<\/p>\n<p><span style=\"color: #0000ff;\"><em><strong>Fotos von unserem Stadionsprecher und Fotograf Klaus Pfand<\/strong><\/em><\/span><\/p>\n<p style=\"text-align: center;\"><a href=\"https:\/\/fsg99salza.de\/wp-content\/uploads\/2013\/09\/Salza-Kraja-28.9.13-5.jpg\"><img loading=\"lazy\" decoding=\"async\" class=\"alignnone size-thumbnail wp-image-4616\" alt=\"Salza-Kraja 28.9.13-5\" src=\"https:\/\/fsg99salza.de\/wp-content\/uploads\/2013\/09\/Salza-Kraja-28.9.13-5-150x150.jpg\" width=\"150\" height=\"150\" \/><\/a> <a href=\"https:\/\/fsg99salza.de\/wp-content\/uploads\/2013\/09\/Salza-Kraja-28.9.13-4.jpg\"><img loading=\"lazy\" decoding=\"async\" class=\"alignnone size-thumbnail wp-image-4615\" alt=\"Salza-Kraja 28.9.13-4\" src=\"https:\/\/fsg99salza.de\/wp-content\/uploads\/2013\/09\/Salza-Kraja-28.9.13-4-150x150.jpg\" width=\"150\" height=\"150\" \/><\/a> <a href=\"https:\/\/fsg99salza.de\/wp-content\/uploads\/2013\/09\/Salza-Kraja-28.9.13-3.jpg\"><img loading=\"lazy\" decoding=\"async\" class=\"alignnone size-thumbnail wp-image-4614\" alt=\"Salza-Kraja 28.9.13-3\" src=\"https:\/\/fsg99salza.de\/wp-content\/uploads\/2013\/09\/Salza-Kraja-28.9.13-3-150x150.jpg\" width=\"150\" height=\"150\" \/><\/a> <a href=\"https:\/\/fsg99salza.de\/wp-content\/uploads\/2013\/09\/Salza-Kraja-28.9.13-2.jpg\"><img loading=\"lazy\" decoding=\"async\" class=\"alignnone size-thumbnail wp-image-4613\" alt=\"Salza-Kraja 28.9.13-2\" src=\"https:\/\/fsg99salza.de\/wp-content\/uploads\/2013\/09\/Salza-Kraja-28.9.13-2-150x150.jpg\" width=\"150\" height=\"150\" \/><\/a> <a href=\"https:\/\/fsg99salza.de\/wp-content\/uploads\/2013\/09\/Salza-Kraja-28.9.13-1.jpg\"><img loading=\"lazy\" decoding=\"async\" class=\"alignnone size-thumbnail wp-image-4612\" alt=\"Salza-Kraja 28.9.13-1\" src=\"https:\/\/fsg99salza.de\/wp-content\/uploads\/2013\/09\/Salza-Kraja-28.9.13-1-150x150.jpg\" width=\"150\" height=\"150\" \/><\/a> <a href=\"https:\/\/fsg99salza.de\/wp-content\/uploads\/2013\/09\/Salza-Kraja-28.9.13-6.jpg\"><img loading=\"lazy\" decoding=\"async\" class=\"alignnone size-thumbnail wp-image-4611\" alt=\"Salza-Kraja 28.9.13-6\" src=\"https:\/\/fsg99salza.de\/wp-content\/uploads\/2013\/09\/Salza-Kraja-28.9.13-6-150x150.jpg\" width=\"150\" height=\"150\" \/><a href=\"https:\/\/fsg99salza.de\/wp-content\/uploads\/2013\/09\/Salza-II-82.jpg\"><img loading=\"lazy\" decoding=\"async\" class=\" wp-image-4619 aligncenter\" alt=\"Salza II-82\" src=\"https:\/\/fsg99salza.de\/wp-content\/uploads\/2013\/09\/Salza-II-82-1024x615.jpg\" width=\"614\" height=\"369\" \/><\/a><\/a><\/p>\n","protected":false},"excerpt":{"rendered":"<p>FSG`99 Salza-Nordhausen gegen SV Rot-Wei\u00df Kraja \u00a00 : 1 Zum zweiten Kreisderby der Saison empf\u00e4ngt die FSG`99 Salza-Nordhausen den Gast aus Kraja bei herrlichem Fu\u00dfballwetter auf dem Karl-Henze Sportplatz. Auch diesmal stehen die Vorzeichen nicht gerade gut, denn es fehlen wieder viele Stammspieler auf Seiten der FSG.<\/p>\n","protected":false},"author":2,"featured_media":0,"comment_status":"closed","ping_status":"closed","sticky":false,"template":"","format":"standard","meta":{"footnotes":""},"categories":[3],"tags":[],"class_list":["post-4597","post","type-post","status-publish","format-standard","hentry","category-allgemeines"],"_links":{"self":[{"href":"https:\/\/fsg99salza.de\/index.php?rest_route=\/wp\/v2\/posts\/4597","targetHints":{"allow":["GET"]}}],"collection":[{"href":"https:\/\/fsg99salza.de\/index.php?rest_route=\/wp\/v2\/posts"}],"about":[{"href":"https:\/\/fsg99salza.de\/index.php?rest_route=\/wp\/v2\/types\/post"}],"author":[{"embeddable":true,"href":"https:\/\/fsg99salza.de\/index.php?rest_route=\/wp\/v2\/users\/2"}],"replies":[{"embeddable":true,"href":"https:\/\/fsg99salza.de\/index.php?rest_route=%2Fwp%2Fv2%2Fcomments&post=4597"}],"version-history":[{"count":10,"href":"https:\/\/fsg99salza.de\/index.php?rest_route=\/wp\/v2\/posts\/4597\/revisions"}],"predecessor-version":[{"id":4608,"href":"https:\/\/fsg99salza.de\/index.php?rest_route=\/wp\/v2\/posts\/4597\/revisions\/4608"}],"wp:attachment":[{"href":"https:\/\/fsg99salza.de\/index.php?rest_route=%2Fwp%2Fv2%2Fmedia&parent=4597"}],"wp:term":[{"taxonomy":"category","embeddable":true,"href":"https:\/\/fsg99salza.de\/index.php?rest_route=%2Fwp%2Fv2%2Fcategories&post=4597"},{"taxonomy":"post_tag","embeddable":true,"href":"https:\/\/fsg99salza.de\/index.php?rest_route=%2Fwp%2Fv2%2Ftags&post=4597"}],"curies":[{"name":"wp","href":"https:\/\/api.w.org\/{rel}","templated":true}]}}