{"id":4558,"date":"2013-09-18T08:17:12","date_gmt":"2013-09-18T07:17:12","guid":{"rendered":"https:\/\/fsg99salza.de\/?p=4558"},"modified":"2013-09-23T10:09:57","modified_gmt":"2013-09-23T09:09:57","slug":"vorschau-wochenende-20-bis-22-09-2013","status":"publish","type":"post","link":"https:\/\/fsg99salza.de\/?p=4558","title":{"rendered":"Ergebnisse \u2013 Wochenende 20. bis 22.09.2013"},"content":{"rendered":"<p>Leider ist unsere Homepage nur so aktuell wie die Zusammenarbeit all unserer Mitglieder.<\/p>\n<p>Da es leider kein Verantwortlicher und auch keiner von den nicht eingesetzten Auswechselspielern unserer FSG es schafft, ein paar Zeilen zum Spiel aufs Papier zu bringen, hier nun der Bericht der Th\u00fcringer Allgemeinen vom 23.09.2013:<!--more--><\/p>\n<p><span style=\"color: #ff0000;\"><b><i>VfL 1888 Ebeleben\u00a0 &#8211;\u00a0 FSG`99 Salza-Nordhausen \u00a04 : 0 (2 : 0)<\/i><\/b><\/span><\/p>\n<p>Salza-Nordhauen war sofort spielbestimmend. Laufst\u00e4rker und kombinationssicherer erspielten sie sich Chance um Chance. Der antrittsschnelle Sebastian Aderhold hatte gleich deren zwei auf dem Fu\u00dfe (1., 4.). Ebeleben konnte zun\u00e4chst nur reagieren. Praktisch aus dem Nichts fiel dann das 1 : 0 durch Pierre R\u00f6diger (43.), und mit etwas Gl\u00fcck konnte Alexander Dorl noch vor der Pause das 2 : 0 erzielen (44.). Das Spiel war damit auf den Kopf gestellt. Mit viel Kampfgeist und Laubbereitschaft konnte Ebeleben nun im zweiten Abschnitt das Spiel offen halten und phasenweise sogar bestimmen. Die G\u00e4ste lie\u00dfen derweil auch weiterhin ihre Chancen liegen.<\/p>\n<p><b><span style=\"text-decoration: underline;\">Ebeleben:<\/span><\/b>\u00a0 R\u00f6hr, Rampenthal, Tschesch, Wiegand, Pabst, Kl\u00f6ppel, R\u00f6diger, Breitlauch, Rechner, Schneider, Dorl (70. Greuel)<\/p>\n<p><b><span style=\"text-decoration: underline;\">Salza:<\/span><\/b>\u00a0 Fisterbusch, H\u00fcbler (46. Salzmann), Heydecke, Gottschalk, Hahn, Sterbenk (46. Genzel), Dr\u00f6scher, Feuerriegel, Ch. K\u00f6hler, M. Verkouter, Aderhold (74. K. K\u00f6hler)<\/p>\n<p><b><span style=\"text-decoration: underline;\">Schiedsrichter:<\/span><\/b>\u00a0 Daniel Dietrich (FSV Breitenholz)<\/p>\n<p><b><span style=\"text-decoration: underline;\">Zuschauer:<\/span><\/b>\u00a0 120<\/p>\n<p><b><span style=\"text-decoration: underline;\">Tore:<\/span><\/b>\u00a0 1 : 0 Pierre R\u00f6diger (43.), 2 : 0 Alexander Dorl (44.), 3 : 0 und 4 : 0 Marco Rechner (77., 84.)<\/p>\n<p><em><strong><span style=\"color: #0000ff;\">Wie immer zuverl\u00e4ssig, schoss Klaus Pfand die Fotos<\/span><\/strong><\/em><\/p>\n<p><a href=\"https:\/\/fsg99salza.de\/wp-content\/uploads\/2013\/09\/Ebeleben-Salza-21.09.13-5.jpg\"><img loading=\"lazy\" decoding=\"async\" class=\"alignnone size-thumbnail wp-image-4593\" alt=\"Ebeleben-Salza 21.09.13-5\" src=\"https:\/\/fsg99salza.de\/wp-content\/uploads\/2013\/09\/Ebeleben-Salza-21.09.13-5-150x150.jpg\" width=\"150\" height=\"150\" \/><\/a> <a href=\"https:\/\/fsg99salza.de\/wp-content\/uploads\/2013\/09\/Ebeleben-Salza-21.09.13-4.jpg\"><img loading=\"lazy\" decoding=\"async\" class=\"alignnone size-thumbnail wp-image-4592\" alt=\"Ebeleben-Salza 21.09.13-4\" src=\"https:\/\/fsg99salza.de\/wp-content\/uploads\/2013\/09\/Ebeleben-Salza-21.09.13-4-150x150.jpg\" width=\"150\" height=\"150\" \/><\/a> <a href=\"https:\/\/fsg99salza.de\/wp-content\/uploads\/2013\/09\/Ebeleben-Salza-21.09.13-3.jpg\"><img loading=\"lazy\" decoding=\"async\" class=\"alignnone size-thumbnail wp-image-4591\" alt=\"Ebeleben-Salza 21.09.13-3\" src=\"https:\/\/fsg99salza.de\/wp-content\/uploads\/2013\/09\/Ebeleben-Salza-21.09.13-3-150x150.jpg\" width=\"150\" height=\"150\" \/><\/a> <a href=\"https:\/\/fsg99salza.de\/wp-content\/uploads\/2013\/09\/Ebeleben-Salza-21.09.13-2.jpg\"><img loading=\"lazy\" decoding=\"async\" class=\"alignnone size-thumbnail wp-image-4590\" alt=\"Ebeleben-Salza 21.09.13-2\" src=\"https:\/\/fsg99salza.de\/wp-content\/uploads\/2013\/09\/Ebeleben-Salza-21.09.13-2-150x150.jpg\" width=\"150\" height=\"150\" \/><\/a> <a href=\"https:\/\/fsg99salza.de\/wp-content\/uploads\/2013\/09\/Ebeleben-Salza-21.09.13-1.jpg\"><img loading=\"lazy\" decoding=\"async\" class=\"alignnone size-thumbnail wp-image-4589\" alt=\"Ebeleben-Salza 21.09.13-1\" src=\"https:\/\/fsg99salza.de\/wp-content\/uploads\/2013\/09\/Ebeleben-Salza-21.09.13-1-150x150.jpg\" width=\"150\" height=\"150\" \/><\/a> <a href=\"https:\/\/fsg99salza.de\/wp-content\/uploads\/2013\/09\/Ebeleben-Salza-21.09.13-6.jpg\"><img loading=\"lazy\" decoding=\"async\" class=\"alignnone size-thumbnail wp-image-4588\" alt=\"Ebeleben-Salza 21.09.13-6\" src=\"https:\/\/fsg99salza.de\/wp-content\/uploads\/2013\/09\/Ebeleben-Salza-21.09.13-6-150x150.jpg\" width=\"150\" height=\"150\" \/><\/a><\/p>\n<p style=\"text-align: center;\"><a href=\"https:\/\/fsg99salza.de\/wp-content\/uploads\/2013\/09\/Salza-II-73.jpg\"><img loading=\"lazy\" decoding=\"async\" class=\" wp-image-4585 aligncenter\" alt=\"Salza II-73\" src=\"https:\/\/fsg99salza.de\/wp-content\/uploads\/2013\/09\/Salza-II-73-1024x615.jpg\" width=\"614\" height=\"369\" \/><\/a><\/p>\n","protected":false},"excerpt":{"rendered":"<p>Leider ist unsere Homepage nur so aktuell wie die Zusammenarbeit all unserer Mitglieder. Da es leider kein Verantwortlicher und auch keiner von den nicht eingesetzten Auswechselspielern unserer FSG es schafft, ein paar Zeilen zum Spiel aufs Papier zu bringen, hier nun der Bericht der Th\u00fcringer Allgemeinen vom 23.09.2013:<\/p>\n","protected":false},"author":2,"featured_media":0,"comment_status":"closed","ping_status":"closed","sticky":false,"template":"","format":"standard","meta":{"footnotes":""},"categories":[3],"tags":[],"class_list":["post-4558","post","type-post","status-publish","format-standard","hentry","category-allgemeines"],"_links":{"self":[{"href":"https:\/\/fsg99salza.de\/index.php?rest_route=\/wp\/v2\/posts\/4558","targetHints":{"allow":["GET"]}}],"collection":[{"href":"https:\/\/fsg99salza.de\/index.php?rest_route=\/wp\/v2\/posts"}],"about":[{"href":"https:\/\/fsg99salza.de\/index.php?rest_route=\/wp\/v2\/types\/post"}],"author":[{"embeddable":true,"href":"https:\/\/fsg99salza.de\/index.php?rest_route=\/wp\/v2\/users\/2"}],"replies":[{"embeddable":true,"href":"https:\/\/fsg99salza.de\/index.php?rest_route=%2Fwp%2Fv2%2Fcomments&post=4558"}],"version-history":[{"count":13,"href":"https:\/\/fsg99salza.de\/index.php?rest_route=\/wp\/v2\/posts\/4558\/revisions"}],"predecessor-version":[{"id":4596,"href":"https:\/\/fsg99salza.de\/index.php?rest_route=\/wp\/v2\/posts\/4558\/revisions\/4596"}],"wp:attachment":[{"href":"https:\/\/fsg99salza.de\/index.php?rest_route=%2Fwp%2Fv2%2Fmedia&parent=4558"}],"wp:term":[{"taxonomy":"category","embeddable":true,"href":"https:\/\/fsg99salza.de\/index.php?rest_route=%2Fwp%2Fv2%2Fcategories&post=4558"},{"taxonomy":"post_tag","embeddable":true,"href":"https:\/\/fsg99salza.de\/index.php?rest_route=%2Fwp%2Fv2%2Ftags&post=4558"}],"curies":[{"name":"wp","href":"https:\/\/api.w.org\/{rel}","templated":true}]}}