{"id":4434,"date":"2013-08-21T09:13:56","date_gmt":"2013-08-21T08:13:56","guid":{"rendered":"https:\/\/fsg99salza.de\/?p=4434"},"modified":"2013-08-28T12:28:07","modified_gmt":"2013-08-28T11:28:07","slug":"vorschau-auf-das-wochenende-23-bis-25-08-2013","status":"publish","type":"post","link":"https:\/\/fsg99salza.de\/?p=4434","title":{"rendered":"Ergebnisse vom Wochenende 23. bis 25.08.2013"},"content":{"rendered":"<h3>Erster Saisonsieg f\u00fcr Salza<\/h3>\n<p>Ohne 5 wichtige Spieler (Christoph M\u00fcller-Luh, Matthias Klehm und Daniel Verkouter alle verletzt und den fehlenden Jonas Sterbenk und Rolf Bischoff) und mit einem Neuzugang (Jonathan Schr\u00f6ter) ging unsere Elf in das Punktspiel gegen Gro\u00dffurra mit dem Vorsatz, die ersten drei Punkte zu holen.\u00a0<!--more-->In der ersten Viertelstunde war es ein sehr ausgeglichenes Spiel mit wenig Torchancen auf beiden Seiten. Die beiden einzigen Chancen war ein Freisto\u00df von F. Heydecke mit anschlie\u00dfender Ecke, die aber nichts einbrachte (11.). Ebenso der Kopfball nach einer Ecke f\u00fcr Gro\u00dffurra von M. Eisenkr\u00e4tzer, der am Tor vorbei strich (14.). Danach wurde die FSG optisch \u00fcberlegen und erspielte sich auch eine Reihe von Chancen. Der Schuss von S. Genzel geht knapp daneben (19.), ebenso die beiden Torsch\u00fcsse von G. Fischer und T. Feuerriegel in der 29. und 30. Minute. Auch R. Salzmann hatte mit seinem Freistoss kein Gl\u00fcck. Sein Schuss verfehlte knapp das Tor. In dieser Zeit hatte Gro\u00dffurra nur eine Chance durch Th. Richter, der aber mit seinem Schuss an Ch. Finsterbusch scheiterte. In der 40.Minute schoss G. Fischer mit der Picke das 1 : 0. Der Ball schlug unhaltbar in den rechten Winkel ein. Mit diesem Resultat ging es in die Halbzeitpause. Diese begann gleich mit einem Doppelschlag. Nach einem Pass von G. Fischer schiebt Ch. K\u00f6hler im Alleingang den Ball am Torh\u00fcter vorbei zum\u00a02 : 0 und in der 61. Minute schlie\u00df S. Genzel einen Konter zum 3 : 0 ab. Der Gast aus Gro\u00dffurra hatte eine Riesenchance, als M. Eisenkr\u00e4tzer allein auf den Salzaer Torwart zusteuert, dieser aber den Schuss erfolgreich abwehren kann und auch der Nachschuss wird eine Beute von S. Gottschalk. In der 64. Minute f\u00e4llt das 4 : 0, wird aber wegen Abseits nicht gegeben. In der 76. Minute feiert\u00a0J. Schr\u00f6ter sein Deb\u00fct im FSG-Dress. Bis auf einen gef\u00e4hrlichen Schuss f\u00fcr Gro\u00dffurra (80.), der aber wieder von Ch. Finsterbusch unsch\u00e4dlich gemacht wurde, passierte in der Begegnung nicht mehr viel. Salza feierte in der Kreisoberliga seinen ersten Sieg. Vor allem wurde diesmal versucht aus der Abwehr heraus zu spielen. Wenn es auch nicht immer gelang, war doch ein Fortschritt zu den ersten beiden Begegnungen zu verzeichnen, wenn auch der Gegner es unserer Elf auch nicht besonders schwer gemacht hat. Nun gilt es auf der gezeigten Leistung aufzubauen und sie n\u00e4chste Woche in Oldisleben zu best\u00e4tigen.<\/p>\n<p><span style=\"text-decoration: underline;\"><strong>Salza:<\/strong> <\/span>\u00a0Finsterbusch, Salzmann, Heydecke, Gottschalk, H\u00fcbler, M.Verkouter, K.K\u00f6hler, Feuerriegel (Schr\u00f6ter 76.), Kindervater (Ch.K\u00f6hler 46.), Fischer (Dr\u00f6scher 85.)<\/p>\n<p><span style=\"text-decoration: underline;\"><strong>Gro\u00dffurra:<\/strong><\/span> \u00a0Freiboth, K\u00f6the, Schreier, H\u00f6rold, Bartholome (Falke 72.), Wetzel (Fl\u00fcmer 87.), Manzke, Buckwitz, Eisenkr\u00e4tzer, Richter, Enger<\/p>\n<p><span style=\"text-decoration: underline;\"><strong>Schiedsrichter:<\/strong><\/span> \u00a0 Steven Philipp (VfB Werther)<\/p>\n<p><span style=\"text-decoration: underline;\"><strong>Zuschauer:<\/strong><\/span> \u00a060<\/p>\n<p><span style=\"text-decoration: underline;\"><strong>Tore: \u00a0<\/strong><\/span> 1 : 0 Guido Fischer (40.), 2 : 0 Christian K\u00f6hler (52.), 3 : 0 Sebastian Genzel (61.)<\/p>\n<p><strong><span style=\"text-decoration: underline;\"><em><span style=\"color: #0000ff; text-decoration: underline;\">Die Fotos schoss unser Fotograf und Stadionsprecher Klaus Pfand\u00a0<\/span><\/em><\/span><\/strong><\/p>\n<p style=\"text-align: center;\"><a href=\"https:\/\/fsg99salza.de\/wp-content\/uploads\/2013\/08\/Salza-Grofurra-24.8.13-8.jpg\"><img loading=\"lazy\" decoding=\"async\" class=\"alignnone size-thumbnail wp-image-4471\" alt=\"Salza-Grofurra 24.8.13-8\" src=\"https:\/\/fsg99salza.de\/wp-content\/uploads\/2013\/08\/Salza-Grofurra-24.8.13-8-150x150.jpg\" width=\"150\" height=\"150\" \/><\/a> <a href=\"https:\/\/fsg99salza.de\/wp-content\/uploads\/2013\/08\/Salza-Grofurra-24.8.13-7.jpg\"><img loading=\"lazy\" decoding=\"async\" class=\"alignnone size-thumbnail wp-image-4478\" alt=\"Salza-Grofurra 24.8.13-7\" src=\"https:\/\/fsg99salza.de\/wp-content\/uploads\/2013\/08\/Salza-Grofurra-24.8.13-7-150x150.jpg\" width=\"150\" height=\"150\" \/><\/a> <a href=\"https:\/\/fsg99salza.de\/wp-content\/uploads\/2013\/08\/Salza-Grofurra-24.8.13-6.jpg\"><img loading=\"lazy\" decoding=\"async\" class=\"alignnone size-thumbnail wp-image-4477\" alt=\"Salza-Grofurra 24.8.13-6\" src=\"https:\/\/fsg99salza.de\/wp-content\/uploads\/2013\/08\/Salza-Grofurra-24.8.13-6-150x150.jpg\" width=\"150\" height=\"150\" \/><\/a> <a href=\"https:\/\/fsg99salza.de\/wp-content\/uploads\/2013\/08\/Salza-Grofurra-24.8.13-5.jpg\"><img loading=\"lazy\" decoding=\"async\" class=\"alignnone size-thumbnail wp-image-4476\" alt=\"Salza-Grofurra 24.8.13-5\" src=\"https:\/\/fsg99salza.de\/wp-content\/uploads\/2013\/08\/Salza-Grofurra-24.8.13-5-150x150.jpg\" width=\"150\" height=\"150\" \/><\/a> <a href=\"https:\/\/fsg99salza.de\/wp-content\/uploads\/2013\/08\/Salza-Grofurra-24.8.13-4.jpg\"><img loading=\"lazy\" decoding=\"async\" class=\"alignnone size-thumbnail wp-image-4475\" alt=\"Salza-Grofurra 24.8.13-4\" src=\"https:\/\/fsg99salza.de\/wp-content\/uploads\/2013\/08\/Salza-Grofurra-24.8.13-4-150x150.jpg\" width=\"150\" height=\"150\" \/><\/a> <a href=\"https:\/\/fsg99salza.de\/wp-content\/uploads\/2013\/08\/Salza-Grofurra-24.8.13-3.jpg\"><img loading=\"lazy\" decoding=\"async\" class=\"alignnone size-thumbnail wp-image-4474\" alt=\"Salza-Grofurra 24.8.13-3\" src=\"https:\/\/fsg99salza.de\/wp-content\/uploads\/2013\/08\/Salza-Grofurra-24.8.13-3-150x150.jpg\" width=\"150\" height=\"150\" \/><\/a> <a href=\"https:\/\/fsg99salza.de\/wp-content\/uploads\/2013\/08\/Salza-Grofurra-24.8.13-2.jpg\"><img loading=\"lazy\" decoding=\"async\" class=\"alignnone size-thumbnail wp-image-4473\" alt=\"Salza-Grofurra 24.8.13-2\" src=\"https:\/\/fsg99salza.de\/wp-content\/uploads\/2013\/08\/Salza-Grofurra-24.8.13-2-150x150.jpg\" width=\"150\" height=\"150\" \/><\/a> <a href=\"https:\/\/fsg99salza.de\/wp-content\/uploads\/2013\/08\/Salza-Grofurra-24.8.13-1.jpg\"><img loading=\"lazy\" decoding=\"async\" class=\"alignnone size-thumbnail wp-image-4472\" alt=\"Salza-Grofurra 24.8.13-1\" src=\"https:\/\/fsg99salza.de\/wp-content\/uploads\/2013\/08\/Salza-Grofurra-24.8.13-1-150x150.jpg\" width=\"150\" height=\"150\" \/><\/a><\/p>\n<p style=\"text-align: center;\"><a href=\"https:\/\/fsg99salza.de\/wp-content\/uploads\/2013\/08\/Salza-IIE-33.jpg\"><img loading=\"lazy\" decoding=\"async\" class=\" wp-image-4460 aligncenter\" alt=\"Salza IIE-33\" src=\"https:\/\/fsg99salza.de\/wp-content\/uploads\/2013\/08\/Salza-IIE-33-1024x615.jpg\" width=\"614\" height=\"369\" \/><\/a><\/p>\n<h4><span style=\"text-decoration: underline;\"><span style=\"color: #0000ff;\"><em>Die Pokalansetzungen f\u00fcr die II. Hauptrunde am 07.\/08.09.2013<\/em><\/span><\/span><\/h4>\n<p><span style=\"color: #0000ff;\">SV Hannovera Niedersachswerfen II\u00a0 &#8211;\u00a0 FSG Salza-Nordhausen<\/span><\/p>\n<p><span style=\"color: #0000ff;\">SSV Blau-Wei\u00df Wollersleben &#8211;\u00a0 FSG Salza-Nordhausen II<\/span><\/p>\n<p><span style=\"color: #0000ff;\">FSG Salza-Nordhausen III\u00a0 &#8211;\u00a0 SG Empor Sondershausen II<\/span><\/p>\n<p>&nbsp;<\/p>\n<p>&nbsp;<\/p>\n","protected":false},"excerpt":{"rendered":"<p>Erster Saisonsieg f\u00fcr Salza Ohne 5 wichtige Spieler (Christoph M\u00fcller-Luh, Matthias Klehm und Daniel Verkouter alle verletzt und den fehlenden Jonas Sterbenk und Rolf Bischoff) und mit einem Neuzugang (Jonathan Schr\u00f6ter) ging unsere Elf in das Punktspiel gegen Gro\u00dffurra mit dem Vorsatz, die ersten drei Punkte zu holen.\u00a0<\/p>\n","protected":false},"author":2,"featured_media":0,"comment_status":"closed","ping_status":"closed","sticky":false,"template":"","format":"standard","meta":{"footnotes":""},"categories":[3],"tags":[],"class_list":["post-4434","post","type-post","status-publish","format-standard","hentry","category-allgemeines"],"_links":{"self":[{"href":"https:\/\/fsg99salza.de\/index.php?rest_route=\/wp\/v2\/posts\/4434","targetHints":{"allow":["GET"]}}],"collection":[{"href":"https:\/\/fsg99salza.de\/index.php?rest_route=\/wp\/v2\/posts"}],"about":[{"href":"https:\/\/fsg99salza.de\/index.php?rest_route=\/wp\/v2\/types\/post"}],"author":[{"embeddable":true,"href":"https:\/\/fsg99salza.de\/index.php?rest_route=\/wp\/v2\/users\/2"}],"replies":[{"embeddable":true,"href":"https:\/\/fsg99salza.de\/index.php?rest_route=%2Fwp%2Fv2%2Fcomments&post=4434"}],"version-history":[{"count":17,"href":"https:\/\/fsg99salza.de\/index.php?rest_route=\/wp\/v2\/posts\/4434\/revisions"}],"predecessor-version":[{"id":4454,"href":"https:\/\/fsg99salza.de\/index.php?rest_route=\/wp\/v2\/posts\/4434\/revisions\/4454"}],"wp:attachment":[{"href":"https:\/\/fsg99salza.de\/index.php?rest_route=%2Fwp%2Fv2%2Fmedia&parent=4434"}],"wp:term":[{"taxonomy":"category","embeddable":true,"href":"https:\/\/fsg99salza.de\/index.php?rest_route=%2Fwp%2Fv2%2Fcategories&post=4434"},{"taxonomy":"post_tag","embeddable":true,"href":"https:\/\/fsg99salza.de\/index.php?rest_route=%2Fwp%2Fv2%2Ftags&post=4434"}],"curies":[{"name":"wp","href":"https:\/\/api.w.org\/{rel}","templated":true}]}}