{"id":4089,"date":"2013-06-11T11:41:59","date_gmt":"2013-06-11T10:41:59","guid":{"rendered":"https:\/\/fsg99salza.de\/?p=4089"},"modified":"2013-06-11T11:41:59","modified_gmt":"2013-06-11T10:41:59","slug":"im-letzten-spiel-die-3-niederlage","status":"publish","type":"post","link":"https:\/\/fsg99salza.de\/?p=4089","title":{"rendered":"Im letzten Spiel die 3. Niederlage"},"content":{"rendered":"<p><span style=\"color: #0000ff;\"><em><strong>Th\u00fcringer Alggemeine vom 11.06.2013 von Kurt Trost<\/strong><\/em><\/span><\/p>\n<p><span style=\"color: #ff0000;\"><strong>VfL 28 Ellrich &#8211; FSG`99 Nordhausen-Salza \u00a03 : 2<\/strong><\/span><\/p>\n<p style=\"text-align: justify;\">Staffelsieger Salza holte sich in Ellrich die dritte Saisonniederlage ab. <!--more-->Die erste halbe Stunde geh\u00f6rte den G\u00e4sten, mit der verdienten F\u00fchrung. Kevin K\u00f6hler hatte einen Ballverlust von H\u00f6hne zum 1 : 0 genutzt (8.). Der VfL machte aus der ersten Gro\u00dfchance den Ausgleich durch Thomas Schmidt (30.). Ellrichs Hertwig musste in der 55. Minute mit Gelb-Rot vom Platz. Nach Doppelpass mit H\u00f6hne brachte Pascheit Ellrich mit 2 : 1 in Front (57.). Nach herrlichem Spielzug \u00fcber Pascheit und Bellmann netzte Thomas Schmidt zum 3 : 1 ein (70.). Der sp\u00e4te Anschlusstreffer vom eingewechselten Phillipp Kindervater (89.) war dann nur noch Ergebniskosmetik.<\/p>\n<p><span style=\"text-decoration: underline;\">Schiedsrichter:<\/span> \u00a0Uwe Teichm\u00f6ller \u00a0(VfB Friedetal Sollstedt)<\/p>\n<p><span style=\"text-decoration: underline;\">Zuschauer:<\/span> \u00a0\u00a060<\/p>\n<p><span style=\"text-decoration: underline;\">Tore:<\/span> \u00a00 : 1 Kevin K\u00f6hler (8.), 1 : 1 Thomas Schmidt (30.), 2 : 1 Pascheit (57.), 3 : 1 Thomas Schmidt (70.), 3 : 2 Kindervater (89.)<\/p>\n<p>Der VfL 28 Ellrich gratulierte vor dem Spiel unsere Mannschaft zum Staffelsieg und Aufstieg in die Kreisoberliga. Die Fotos von der \u00dcbergabe der Gl\u00fcckw\u00fcnsche und vom Spiel schoss unserer Fotoreporter Klaus Pfand.<\/p>\n<p><a href=\"https:\/\/fsg99salza.de\/wp-content\/uploads\/2013\/06\/Ellrich-Salza-8.6.13-264.jpg\"><img loading=\"lazy\" decoding=\"async\" class=\"alignnone size-thumbnail wp-image-4091\" title=\"OLYMPUS DIGITAL CAMERA\" src=\"https:\/\/fsg99salza.de\/wp-content\/uploads\/2013\/06\/Ellrich-Salza-8.6.13-264-150x150.jpg\" alt=\"\" width=\"150\" height=\"150\" \/><\/a><a href=\"https:\/\/fsg99salza.de\/wp-content\/uploads\/2013\/06\/Ellrich-Salza-8.6.13-266.jpg\"><img loading=\"lazy\" decoding=\"async\" class=\"alignnone size-thumbnail wp-image-4092\" title=\"OLYMPUS DIGITAL CAMERA\" src=\"https:\/\/fsg99salza.de\/wp-content\/uploads\/2013\/06\/Ellrich-Salza-8.6.13-266-150x150.jpg\" alt=\"\" width=\"150\" height=\"150\" \/><\/a><a href=\"https:\/\/fsg99salza.de\/wp-content\/uploads\/2013\/06\/Ellrich-Salza-8.6.13-367.jpg\"><img loading=\"lazy\" decoding=\"async\" class=\"alignnone size-thumbnail wp-image-4090\" title=\"OLYMPUS DIGITAL CAMERA\" src=\"https:\/\/fsg99salza.de\/wp-content\/uploads\/2013\/06\/Ellrich-Salza-8.6.13-367-150x150.jpg\" alt=\"\" width=\"150\" height=\"150\" \/><\/a><a href=\"https:\/\/fsg99salza.de\/wp-content\/uploads\/2013\/06\/Ellrich-Salza-8.6.13-285.jpg\"><img loading=\"lazy\" decoding=\"async\" class=\"alignnone size-thumbnail wp-image-4093\" title=\"OLYMPUS DIGITAL CAMERA\" src=\"https:\/\/fsg99salza.de\/wp-content\/uploads\/2013\/06\/Ellrich-Salza-8.6.13-285-150x150.jpg\" alt=\"\" width=\"150\" height=\"150\" \/><\/a><a href=\"https:\/\/fsg99salza.de\/wp-content\/uploads\/2013\/06\/Ellrich-Salza-8.6.13-329.jpg\"><img loading=\"lazy\" decoding=\"async\" class=\"alignnone size-thumbnail wp-image-4095\" title=\"OLYMPUS DIGITAL CAMERA\" src=\"https:\/\/fsg99salza.de\/wp-content\/uploads\/2013\/06\/Ellrich-Salza-8.6.13-329-150x150.jpg\" alt=\"\" width=\"150\" height=\"150\" \/><\/a><a href=\"https:\/\/fsg99salza.de\/wp-content\/uploads\/2013\/06\/Ellrich-Salza-8.6.13-290.jpg\"><img loading=\"lazy\" decoding=\"async\" class=\"alignnone size-thumbnail wp-image-4094\" title=\"OLYMPUS DIGITAL CAMERA\" src=\"https:\/\/fsg99salza.de\/wp-content\/uploads\/2013\/06\/Ellrich-Salza-8.6.13-290-150x150.jpg\" alt=\"\" width=\"150\" height=\"150\" \/><\/a><a href=\"https:\/\/fsg99salza.de\/wp-content\/uploads\/2013\/06\/Ellrich-Salza-8.6.13-344.jpg\"><img loading=\"lazy\" decoding=\"async\" class=\"alignnone size-thumbnail wp-image-4096\" title=\"OLYMPUS DIGITAL CAMERA\" src=\"https:\/\/fsg99salza.de\/wp-content\/uploads\/2013\/06\/Ellrich-Salza-8.6.13-344-150x150.jpg\" alt=\"\" width=\"150\" height=\"150\" \/><\/a><\/p>\n","protected":false},"excerpt":{"rendered":"<p>Th\u00fcringer Alggemeine vom 11.06.2013 von Kurt Trost VfL 28 Ellrich &#8211; FSG`99 Nordhausen-Salza \u00a03 : 2 Staffelsieger Salza holte sich in Ellrich die dritte Saisonniederlage ab.<\/p>\n","protected":false},"author":2,"featured_media":0,"comment_status":"closed","ping_status":"closed","sticky":false,"template":"","format":"standard","meta":{"footnotes":""},"categories":[3],"tags":[],"class_list":["post-4089","post","type-post","status-publish","format-standard","hentry","category-allgemeines"],"_links":{"self":[{"href":"https:\/\/fsg99salza.de\/index.php?rest_route=\/wp\/v2\/posts\/4089","targetHints":{"allow":["GET"]}}],"collection":[{"href":"https:\/\/fsg99salza.de\/index.php?rest_route=\/wp\/v2\/posts"}],"about":[{"href":"https:\/\/fsg99salza.de\/index.php?rest_route=\/wp\/v2\/types\/post"}],"author":[{"embeddable":true,"href":"https:\/\/fsg99salza.de\/index.php?rest_route=\/wp\/v2\/users\/2"}],"replies":[{"embeddable":true,"href":"https:\/\/fsg99salza.de\/index.php?rest_route=%2Fwp%2Fv2%2Fcomments&post=4089"}],"version-history":[{"count":2,"href":"https:\/\/fsg99salza.de\/index.php?rest_route=\/wp\/v2\/posts\/4089\/revisions"}],"predecessor-version":[{"id":4098,"href":"https:\/\/fsg99salza.de\/index.php?rest_route=\/wp\/v2\/posts\/4089\/revisions\/4098"}],"wp:attachment":[{"href":"https:\/\/fsg99salza.de\/index.php?rest_route=%2Fwp%2Fv2%2Fmedia&parent=4089"}],"wp:term":[{"taxonomy":"category","embeddable":true,"href":"https:\/\/fsg99salza.de\/index.php?rest_route=%2Fwp%2Fv2%2Fcategories&post=4089"},{"taxonomy":"post_tag","embeddable":true,"href":"https:\/\/fsg99salza.de\/index.php?rest_route=%2Fwp%2Fv2%2Ftags&post=4089"}],"curies":[{"name":"wp","href":"https:\/\/api.w.org\/{rel}","templated":true}]}}