{"id":3274,"date":"2012-10-14T10:05:35","date_gmt":"2012-10-14T09:05:35","guid":{"rendered":"https:\/\/fsg99salza.de\/?p=3274"},"modified":"2012-10-14T10:15:34","modified_gmt":"2012-10-14T09:15:34","slug":"2-mannschaft-starker-partner","status":"publish","type":"post","link":"https:\/\/fsg99salza.de\/?p=3274","title":{"rendered":"2. Mannschaft | Starker Partner"},"content":{"rendered":"<p><strong>MCF Automobile Kramer &amp; Kramer GbR &#8211; Starker Partner f\u00fcr Salzas Zweite<\/strong><\/p>\n<p><a href=\"http:\/\/www.mcf-auto.de\/\"><img loading=\"lazy\" decoding=\"async\" class=\"aligncenter size-full wp-image-3275\" title=\"MCF Automobile\" src=\"https:\/\/fsg99salza.de\/wp-content\/uploads\/2012\/10\/MCF-Automobile.jpg\" alt=\"\" width=\"600\" height=\"399\" \/><\/a><\/p>\n<p>Die Kramer-Br\u00fcder von <a href=\"http:\/\/www.mcf-auto.de\/\" target=\"_blank\"><strong>MCF Automobile Kramer<\/strong><\/a> haben standesgem\u00e4\u00df viel mit Motorsport zu tun. Als jedoch einige Fu\u00dfballer der FSG \u00b499 Salza mit der Bitte um ein Sponsoring bei ihnen anklopften, z\u00f6gerten sie nicht und versprachen zu helfen. Im Mai dieses Jahres traf man sich dann zur Er\u00f6ffnung des vor Niedersachswerfen entstandenen neuen Domizils von MCF Automobile \u2013 immerhin eine der modernsten Kfz-Werkst\u00e4tten Nordth\u00fcringens &#8211; wieder. Jetzt wurden N\u00e4gel mit K\u00f6pfen gemacht.<\/p>\n<p><img loading=\"lazy\" decoding=\"async\" class=\"aligncenter size-full wp-image-3276\" title=\"M2_2012-2013_web\" src=\"https:\/\/fsg99salza.de\/wp-content\/uploads\/2012\/10\/M2_2012-2013_web.jpg\" alt=\"\" width=\"600\" height=\"450\" \/><\/p>\n<p>P\u00fcnktlich zu Saisonbeginn konnten dann die neuen Trikots mit den MCF-Firmenfarben blau-wei\u00df von Frank Kramer \u00fcbergeben werden. Das Trainergespann um Daniel Winsel und Marcel Gehrmann bedankte sich im Namen der Mannschaft beim gesamten Team von MCF Automobile.<\/p>\n","protected":false},"excerpt":{"rendered":"<p>MCF Automobile Kramer &amp; Kramer GbR &#8211; Starker Partner f\u00fcr Salzas Zweite Die Kramer-Br\u00fcder von MCF Automobile Kramer haben standesgem\u00e4\u00df viel mit Motorsport zu tun. Als jedoch einige Fu\u00dfballer der FSG \u00b499 Salza mit der Bitte um ein Sponsoring bei ihnen anklopften, z\u00f6gerten sie nicht und versprachen zu helfen. Im Mai dieses Jahres traf man [&hellip;]<\/p>\n","protected":false},"author":2,"featured_media":0,"comment_status":"closed","ping_status":"closed","sticky":false,"template":"","format":"standard","meta":{"footnotes":""},"categories":[3],"tags":[],"class_list":["post-3274","post","type-post","status-publish","format-standard","hentry","category-allgemeines"],"_links":{"self":[{"href":"https:\/\/fsg99salza.de\/index.php?rest_route=\/wp\/v2\/posts\/3274","targetHints":{"allow":["GET"]}}],"collection":[{"href":"https:\/\/fsg99salza.de\/index.php?rest_route=\/wp\/v2\/posts"}],"about":[{"href":"https:\/\/fsg99salza.de\/index.php?rest_route=\/wp\/v2\/types\/post"}],"author":[{"embeddable":true,"href":"https:\/\/fsg99salza.de\/index.php?rest_route=\/wp\/v2\/users\/2"}],"replies":[{"embeddable":true,"href":"https:\/\/fsg99salza.de\/index.php?rest_route=%2Fwp%2Fv2%2Fcomments&post=3274"}],"version-history":[{"count":2,"href":"https:\/\/fsg99salza.de\/index.php?rest_route=\/wp\/v2\/posts\/3274\/revisions"}],"predecessor-version":[{"id":3281,"href":"https:\/\/fsg99salza.de\/index.php?rest_route=\/wp\/v2\/posts\/3274\/revisions\/3281"}],"wp:attachment":[{"href":"https:\/\/fsg99salza.de\/index.php?rest_route=%2Fwp%2Fv2%2Fmedia&parent=3274"}],"wp:term":[{"taxonomy":"category","embeddable":true,"href":"https:\/\/fsg99salza.de\/index.php?rest_route=%2Fwp%2Fv2%2Fcategories&post=3274"},{"taxonomy":"post_tag","embeddable":true,"href":"https:\/\/fsg99salza.de\/index.php?rest_route=%2Fwp%2Fv2%2Ftags&post=3274"}],"curies":[{"name":"wp","href":"https:\/\/api.w.org\/{rel}","templated":true}]}}