{"id":11834,"date":"2022-12-27T11:33:51","date_gmt":"2022-12-27T09:33:51","guid":{"rendered":"https:\/\/fsg99salza.de\/?p=11834"},"modified":"2022-12-27T11:34:26","modified_gmt":"2022-12-27T09:34:26","slug":"aus-vorbei","status":"publish","type":"post","link":"https:\/\/fsg99salza.de\/?p=11834","title":{"rendered":"AUS &#8211; VORBEI"},"content":{"rendered":"<div class=\"\" dir=\"auto\">\n<div id=\"jsc_c_b\" class=\"x1iorvi4 x1pi30zi x1l90r2v x1swvt13\" data-ad-comet-preview=\"message\" data-ad-preview=\"message\">\n<div dir=\"auto\">Nachfolgend ein Statement von Klaus Pfand, welches heute auf <a href=\"https:\/\/de-de.facebook.com\/fsg99salza\/\"><strong>Facebook<\/strong><\/a> ver\u00f6ffentlicht wurde.<\/div>\n<div dir=\"auto\">&nbsp;<\/div>\n<div class=\"x78zum5 xdt5ytf xz62fqu x16ldp7u\">\n<div class=\"xu06os2 x1ok221b\">\n<div class=\"x11i5rnm xat24cr x1mh8g0r x1vvkbs xtlvy1s x126k92a\">\n<div dir=\"auto\">Liebe Sportfreunde FSG-Mitglieder und Fans, dass wird mein letzter Beitrag auf dieser Seite (Facebook, Anm. d. Red.) sein. Mit 87 Jahren ist nun mal Schluss. Jahrelang habe ich meine FSG, vor allem die 1. Mannschaft mit der Kamera und Beitr\u00e4gen im Netz begleitet. \u00dcber 10 000 Fu\u00dfballfreunde haben auf Fupa meine Fotobeitr\u00e4ge verfolgt. Jahrelang habe ich als Sportfotograf an der Seitenlinie zu Heim -u. Ausw\u00e4rtsspielen gestanden um unsere FSG Salza ins rechte Licht zu r\u00fccken. Nun ist die Kraft nicht mehr da und auch Ged\u00e4chtnisl\u00fccken machen sich breit. Danke sage ich den Sportfreunden Willi Hauenstein, Hubert K\u00fcrbis und vor allem G\u00fcnter John die mich immer als Fahrgast mitnehmen, seit ich selbst kein Auto mehr fahren kann. Wenn ich mich gesundheitlich f\u00fchle werde ich auch weiterhin unsere Mannschaften zu ihren Spielen besuchen. Wer an Alten Fotos interessiert ist sollte mich ansprechen, mehr als 15 Tausend Fotos liegen zum Abruf bereit. Dank auch an die FSG Vereinsleitung die mich schon vor Jahren zum Ehrenmitglied ernannt haben un die Auszeichnung vom TFV Th\u00fcringen. Es lebe das sch\u00f6nste Hobby der Welt &#8211; unser Fu\u00dfball.<\/div>\n<\/div>\n<\/div>\n<\/div>\n<\/div>\n<\/div>\n","protected":false},"excerpt":{"rendered":"<p>Nachfolgend ein Statement von Klaus Pfand, welches heute auf Facebook ver\u00f6ffentlicht wurde. &nbsp; Liebe Sportfreunde FSG-Mitglieder und Fans, dass wird mein letzter Beitrag auf dieser Seite (Facebook, Anm. d. Red.) sein. Mit 87 Jahren ist nun mal Schluss. Jahrelang habe ich meine FSG, vor allem die 1. Mannschaft mit der Kamera und Beitr\u00e4gen im Netz [&hellip;]<\/p>\n","protected":false},"author":2,"featured_media":0,"comment_status":"closed","ping_status":"closed","sticky":false,"template":"","format":"standard","meta":{"footnotes":""},"categories":[3],"tags":[],"class_list":["post-11834","post","type-post","status-publish","format-standard","hentry","category-allgemeines"],"_links":{"self":[{"href":"https:\/\/fsg99salza.de\/index.php?rest_route=\/wp\/v2\/posts\/11834","targetHints":{"allow":["GET"]}}],"collection":[{"href":"https:\/\/fsg99salza.de\/index.php?rest_route=\/wp\/v2\/posts"}],"about":[{"href":"https:\/\/fsg99salza.de\/index.php?rest_route=\/wp\/v2\/types\/post"}],"author":[{"embeddable":true,"href":"https:\/\/fsg99salza.de\/index.php?rest_route=\/wp\/v2\/users\/2"}],"replies":[{"embeddable":true,"href":"https:\/\/fsg99salza.de\/index.php?rest_route=%2Fwp%2Fv2%2Fcomments&post=11834"}],"version-history":[{"count":2,"href":"https:\/\/fsg99salza.de\/index.php?rest_route=\/wp\/v2\/posts\/11834\/revisions"}],"predecessor-version":[{"id":11838,"href":"https:\/\/fsg99salza.de\/index.php?rest_route=\/wp\/v2\/posts\/11834\/revisions\/11838"}],"wp:attachment":[{"href":"https:\/\/fsg99salza.de\/index.php?rest_route=%2Fwp%2Fv2%2Fmedia&parent=11834"}],"wp:term":[{"taxonomy":"category","embeddable":true,"href":"https:\/\/fsg99salza.de\/index.php?rest_route=%2Fwp%2Fv2%2Fcategories&post=11834"},{"taxonomy":"post_tag","embeddable":true,"href":"https:\/\/fsg99salza.de\/index.php?rest_route=%2Fwp%2Fv2%2Ftags&post=11834"}],"curies":[{"name":"wp","href":"https:\/\/api.w.org\/{rel}","templated":true}]}}