{"id":10762,"date":"2021-05-21T17:41:30","date_gmt":"2021-05-21T15:41:30","guid":{"rendered":"https:\/\/fsg99salza.de\/?p=10762"},"modified":"2021-05-21T17:41:30","modified_gmt":"2021-05-21T15:41:30","slug":"d1-junioren-nur-nicht-im-regen-stehen-lassen","status":"publish","type":"post","link":"https:\/\/fsg99salza.de\/?p=10762","title":{"rendered":"D1-Junioren: Nur nicht im Regen stehen lassen"},"content":{"rendered":"\n<p>War das ein kleines St\u00fcck R\u00fcckkehr zur Normalit\u00e4t? F\u00fcr die Kicker der D1-Junioren der FSG 99 Salza war es das. Endlich mal wieder ein Mannschaftsfoto, wenn auch in den vorschriftsm\u00e4\u00dfigen F\u00fcnfergruppen. Und das hatte einen guten Grund \u2026<\/p>\n\n\n\n<p>Axel Heck von der Nordh\u00e4user Firma Axel-Heck-Immobilien stattete die jungen Salzaer Fu\u00dfballer mit neuen Regenjacken aus. \u201eEndlich k\u00f6nnen die Jungs wieder raus auf den Rasen. Lange genug standen die Kinder und Jugendlichen \u201eim Regen\u201c. Zumindest beim Training braucht Salzas D1 das jetzt nicht mehr\u201c, so Heck.<\/p>\n\n\n\n<p>Das klassische Abklatschen in Fu\u00dfballermanier blieb nat\u00fcrlich aus. Daf\u00fcr gab\u00b4s aber vom Team um Trainer Patrick Z\u00e4tsch einen ordentlichen Applaus. Und ist man erstmal wieder im Spielbetrieb, wollen die Salzaer Kicker gern einen Auftaktsieg auch als Dankesch\u00f6n an Axel Heck einfahren.<\/p>\n\n\n\n<figure class=\"wp-block-image size-large\"><img loading=\"lazy\" decoding=\"async\" width=\"1200\" height=\"674\" src=\"https:\/\/fsg99salza.de\/wp-content\/uploads\/2021\/05\/FSG_99_Salza_D1_Heck_web-1200x674.jpg\" alt=\"Axel Heck unterst\u00fctzt Salzas D1.\" class=\"wp-image-10763\" srcset=\"https:\/\/fsg99salza.de\/wp-content\/uploads\/2021\/05\/FSG_99_Salza_D1_Heck_web-1200x674.jpg 1200w, https:\/\/fsg99salza.de\/wp-content\/uploads\/2021\/05\/FSG_99_Salza_D1_Heck_web-300x169.jpg 300w, https:\/\/fsg99salza.de\/wp-content\/uploads\/2021\/05\/FSG_99_Salza_D1_Heck_web-768x432.jpg 768w, https:\/\/fsg99salza.de\/wp-content\/uploads\/2021\/05\/FSG_99_Salza_D1_Heck_web-1536x863.jpg 1536w, https:\/\/fsg99salza.de\/wp-content\/uploads\/2021\/05\/FSG_99_Salza_D1_Heck_web.jpg 2000w\" sizes=\"auto, (max-width: 1200px) 100vw, 1200px\" \/><\/figure>\n","protected":false},"excerpt":{"rendered":"<p>War das ein kleines St\u00fcck R\u00fcckkehr zur Normalit\u00e4t? F\u00fcr die Kicker der D1-Junioren der FSG 99 Salza war es das. Endlich mal wieder ein Mannschaftsfoto, wenn auch in den vorschriftsm\u00e4\u00dfigen F\u00fcnfergruppen. Und das hatte einen guten Grund \u2026 Axel Heck von der Nordh\u00e4user Firma Axel-Heck-Immobilien stattete die jungen Salzaer Fu\u00dfballer mit neuen Regenjacken aus. \u201eEndlich [&hellip;]<\/p>\n","protected":false},"author":2,"featured_media":0,"comment_status":"closed","ping_status":"closed","sticky":false,"template":"","format":"standard","meta":{"footnotes":""},"categories":[3],"tags":[],"class_list":["post-10762","post","type-post","status-publish","format-standard","hentry","category-allgemeines"],"_links":{"self":[{"href":"https:\/\/fsg99salza.de\/index.php?rest_route=\/wp\/v2\/posts\/10762","targetHints":{"allow":["GET"]}}],"collection":[{"href":"https:\/\/fsg99salza.de\/index.php?rest_route=\/wp\/v2\/posts"}],"about":[{"href":"https:\/\/fsg99salza.de\/index.php?rest_route=\/wp\/v2\/types\/post"}],"author":[{"embeddable":true,"href":"https:\/\/fsg99salza.de\/index.php?rest_route=\/wp\/v2\/users\/2"}],"replies":[{"embeddable":true,"href":"https:\/\/fsg99salza.de\/index.php?rest_route=%2Fwp%2Fv2%2Fcomments&post=10762"}],"version-history":[{"count":1,"href":"https:\/\/fsg99salza.de\/index.php?rest_route=\/wp\/v2\/posts\/10762\/revisions"}],"predecessor-version":[{"id":10764,"href":"https:\/\/fsg99salza.de\/index.php?rest_route=\/wp\/v2\/posts\/10762\/revisions\/10764"}],"wp:attachment":[{"href":"https:\/\/fsg99salza.de\/index.php?rest_route=%2Fwp%2Fv2%2Fmedia&parent=10762"}],"wp:term":[{"taxonomy":"category","embeddable":true,"href":"https:\/\/fsg99salza.de\/index.php?rest_route=%2Fwp%2Fv2%2Fcategories&post=10762"},{"taxonomy":"post_tag","embeddable":true,"href":"https:\/\/fsg99salza.de\/index.php?rest_route=%2Fwp%2Fv2%2Ftags&post=10762"}],"curies":[{"name":"wp","href":"https:\/\/api.w.org\/{rel}","templated":true}]}}